{"id":3067,"date":"2017-08-29T12:39:15","date_gmt":"2017-08-29T06:39:15","guid":{"rendered":"http:\/\/bisbalpenedes.com\/web\/?p=3067"},"modified":"2017-08-29T12:39:38","modified_gmt":"2017-08-29T06:39:38","slug":"comunicat-en-referencia-al-desmantellament-duna-plantacio-de-marihuana-a-la-urbanitzacio-lesplai","status":"publish","type":"post","link":"https:\/\/bisbalpenedes.com\/web\/2017\/08\/29\/comunicat-en-referencia-al-desmantellament-duna-plantacio-de-marihuana-a-la-urbanitzacio-lesplai\/","title":{"rendered":"Comunicat en refer\u00e8ncia al desmantellament d&#8217;una plantaci\u00f3 de marihuana a la urbanitzaci\u00f3 l&#8217;Esplai"},"content":{"rendered":"<p>Arran de les recents informacions aparegudes sobre el desmantellament d&#8217;una plantaci\u00f3 de marihuana de tipus &#8220;indoor&#8221; a la urbanitzaci\u00f3 de La Bisbal del Pened\u00e8s, una operaci\u00f3 en la qual s&#8217;han detingut a dues persones, l&#8217;Ajuntament vol destacar la import\u00e0ncia que ha tingut la col\u00b7laboraci\u00f3 ciutadana a l&#8217;hora de procedir al desmantellament de l&#8217;esmentada plantaci\u00f3. L&#8217;alcaldessa, Agn\u00e8s Ferr\u00e9, considera clau que els ve\u00efns puguin denunciar les conductes estranyes que detectin. Aix\u00f2 pot ajudar molt a les autoritats competents a detectar diversos tipus de delictes \u00a0o a tirar endavant investigacions.<\/p>\n<p>Els dos detinguts de l&#8217;Esplai estan acusats dels delictes de cultiu i elaboraci\u00f3 de subst\u00e0ncies estupefaents, tr\u00e0fic de drogues i frau el\u00e8ctric. S&#8217;han intervingut 287 plantes aix\u00ed com material divers relacionat amb el cultiu i la venda d&#8217;aquesta droga. Els detinguts van ser traslladats el passat cap de setmana a depend\u00e8ncies policials on es van instruir les dilig\u00e8ncies i, posteriorment, van ser deixats en llibertat quedant a disposici\u00f3 del Jutjat n\u00famero 6 del Vendrell.<\/p>\n","protected":false},"excerpt":{"rendered":"<p>Arran de les recents informacions aparegudes sobre el desmantellament d&#8217;una plantaci\u00f3 de marihuana de tipus &#8220;indoor&#8221; a la urbanitzaci\u00f3 de La Bisbal del Pened\u00e8s, una operaci\u00f3 en la qual s&#8217;han &hellip; <a href=\"https:\/\/bisbalpenedes.com\/web\/2017\/08\/29\/comunicat-en-referencia-al-desmantellament-duna-plantacio-de-marihuana-a-la-urbanitzacio-lesplai\/\" class=\"more-link\">Read More<\/a><\/p>\n","protected":false},"author":4,"featured_media":3049,"comment_status":"closed","ping_status":"closed","sticky":false,"template":"","format":"standard","meta":[],"categories":[4],"tags":[],"_links":{"self":[{"href":"https:\/\/bisbalpenedes.com\/web\/wp-json\/wp\/v2\/posts\/3067"}],"collection":[{"href":"https:\/\/bisbalpenedes.com\/web\/wp-json\/wp\/v2\/posts"}],"about":[{"href":"https:\/\/bisbalpenedes.com\/web\/wp-json\/wp\/v2\/types\/post"}],"author":[{"embeddable":true,"href":"https:\/\/bisbalpenedes.com\/web\/wp-json\/wp\/v2\/users\/4"}],"replies":[{"embeddable":true,"href":"https:\/\/bisbalpenedes.com\/web\/wp-json\/wp\/v2\/comments?post=3067"}],"version-history":[{"count":3,"href":"https:\/\/bisbalpenedes.com\/web\/wp-json\/wp\/v2\/posts\/3067\/revisions"}],"predecessor-version":[{"id":3070,"href":"https:\/\/bisbalpenedes.com\/web\/wp-json\/wp\/v2\/posts\/3067\/revisions\/3070"}],"wp:featuredmedia":[{"embeddable":true,"href":"https:\/\/bisbalpenedes.com\/web\/wp-json\/wp\/v2\/media\/3049"}],"wp:attachment":[{"href":"https:\/\/bisbalpenedes.com\/web\/wp-json\/wp\/v2\/media?parent=3067"}],"wp:term":[{"taxonomy":"category","embeddable":true,"href":"https:\/\/bisbalpenedes.com\/web\/wp-json\/wp\/v2\/categories?post=3067"},{"taxonomy":"post_tag","embeddable":true,"href":"https:\/\/bisbalpenedes.com\/web\/wp-json\/wp\/v2\/tags?post=3067"}],"curies":[{"name":"wp","href":"https:\/\/api.w.org\/{rel}","templated":true}]}}