{"id":30653,"date":"2024-06-18T19:31:39","date_gmt":"2024-06-18T17:31:39","guid":{"rendered":"https:\/\/bisbalpenedes.com\/web\/?p=30653"},"modified":"2024-06-18T19:31:39","modified_gmt":"2024-06-18T17:31:39","slug":"sis-alumnes-de-lescola-ull-de-vent-han-pintat-murals-en-una-paret-que-hi-ha-entre-lescola-i-la-llar-dinfants","status":"publish","type":"post","link":"https:\/\/bisbalpenedes.com\/web\/2024\/06\/18\/sis-alumnes-de-lescola-ull-de-vent-han-pintat-murals-en-una-paret-que-hi-ha-entre-lescola-i-la-llar-dinfants\/","title":{"rendered":"Sis alumnes de l&#8217;escola Ull de Vent han pintat murals en una paret que hi ha entre l&#8217;escola i la llar d&#8217;infants"},"content":{"rendered":"\n<p>Sis alumnes de l\u2019escola Ull de Vent van pintar, el passat divendres, pintures murals a la paret de l\u2019aparcament que hi ha entre l\u2019escola i la llar d\u2019infants municipal, juntament amb l\u2019artista Rul i l\u2019emprenedor bisbalenc i gerent de Suite of Art i Creamos tu mascota, Jaume Junqu\u00e9.<\/p>\n\n\n\n<p>La proposta, que s\u2019ha batejat com a Grafftech Fest Kids, es una iniciativa que ha estat possible amb la coorganitzaci\u00f3 de Suite of Art, Creamos Tu Mascota, la Regidoria d\u2019Ensenyament i l\u2019escola Ull de Vent. Durant els pr\u00f2xims dies compartirem les imatges en v\u00eddeo dels alumnes, on expliquen qui s\u00f3n els personatges que han imaginat i despr\u00e9s pintat en aquest mur.<\/p>\n\n\n\n<p>De moment, us deixem algunes fotografies que vam fer entre divendres i dissabte a les obres creades pel Nil, l Yerai, la Siena, el Javier, la Maria i en Santiago, que s\u00f3n els alumnes que van ser seleccionats per fer les pintures entre tots els que es van inscriure al concurs del GraffTech Fest Kids. Com podeu comprovar, s\u00f3n uns grans artistes!<\/p>\n\n\n\n<figure class=\"wp-block-image size-large\"><img loading=\"lazy\" width=\"1024\" height=\"771\" src=\"https:\/\/bisbalpenedes.com\/web\/wp-content\/uploads\/2024\/06\/7937bdcb-cbc6-461c-98af-3c9388033da7-1024x771.jpeg\" alt=\"\" class=\"wp-image-30654\" srcset=\"https:\/\/bisbalpenedes.com\/web\/wp-content\/uploads\/2024\/06\/7937bdcb-cbc6-461c-98af-3c9388033da7-1024x771.jpeg 1024w, https:\/\/bisbalpenedes.com\/web\/wp-content\/uploads\/2024\/06\/7937bdcb-cbc6-461c-98af-3c9388033da7-300x226.jpeg 300w, https:\/\/bisbalpenedes.com\/web\/wp-content\/uploads\/2024\/06\/7937bdcb-cbc6-461c-98af-3c9388033da7-768x578.jpeg 768w, https:\/\/bisbalpenedes.com\/web\/wp-content\/uploads\/2024\/06\/7937bdcb-cbc6-461c-98af-3c9388033da7-1536x1157.jpeg 1536w, https:\/\/bisbalpenedes.com\/web\/wp-content\/uploads\/2024\/06\/7937bdcb-cbc6-461c-98af-3c9388033da7-600x452.jpeg 600w, https:\/\/bisbalpenedes.com\/web\/wp-content\/uploads\/2024\/06\/7937bdcb-cbc6-461c-98af-3c9388033da7.jpeg 2040w\" sizes=\"(max-width: 1024px) 100vw, 1024px\" \/><\/figure>\n\n\n\n<figure class=\"wp-block-image size-large is-resized\"><img loading=\"lazy\" src=\"https:\/\/bisbalpenedes.com\/web\/wp-content\/uploads\/2024\/06\/c242b0b4-793d-4670-910b-5d8a243450e6-1024x771.jpeg\" alt=\"\" class=\"wp-image-30656\" width=\"840\" height=\"632\" srcset=\"https:\/\/bisbalpenedes.com\/web\/wp-content\/uploads\/2024\/06\/c242b0b4-793d-4670-910b-5d8a243450e6-1024x771.jpeg 1024w, https:\/\/bisbalpenedes.com\/web\/wp-content\/uploads\/2024\/06\/c242b0b4-793d-4670-910b-5d8a243450e6-300x226.jpeg 300w, https:\/\/bisbalpenedes.com\/web\/wp-content\/uploads\/2024\/06\/c242b0b4-793d-4670-910b-5d8a243450e6-768x578.jpeg 768w, https:\/\/bisbalpenedes.com\/web\/wp-content\/uploads\/2024\/06\/c242b0b4-793d-4670-910b-5d8a243450e6-1536x1157.jpeg 1536w, https:\/\/bisbalpenedes.com\/web\/wp-content\/uploads\/2024\/06\/c242b0b4-793d-4670-910b-5d8a243450e6-600x452.jpeg 600w, https:\/\/bisbalpenedes.com\/web\/wp-content\/uploads\/2024\/06\/c242b0b4-793d-4670-910b-5d8a243450e6.jpeg 2040w\" sizes=\"(max-width: 840px) 100vw, 840px\" \/><\/figure>\n\n\n\n<figure class=\"wp-block-image size-large\"><img loading=\"lazy\" width=\"1024\" height=\"768\" src=\"https:\/\/bisbalpenedes.com\/web\/wp-content\/uploads\/2024\/06\/IMG_1510-1024x768.jpeg\" alt=\"\" class=\"wp-image-30658\" srcset=\"https:\/\/bisbalpenedes.com\/web\/wp-content\/uploads\/2024\/06\/IMG_1510-1024x768.jpeg 1024w, https:\/\/bisbalpenedes.com\/web\/wp-content\/uploads\/2024\/06\/IMG_1510-300x225.jpeg 300w, https:\/\/bisbalpenedes.com\/web\/wp-content\/uploads\/2024\/06\/IMG_1510-768x576.jpeg 768w, https:\/\/bisbalpenedes.com\/web\/wp-content\/uploads\/2024\/06\/IMG_1510-1536x1152.jpeg 1536w, https:\/\/bisbalpenedes.com\/web\/wp-content\/uploads\/2024\/06\/IMG_1510-2048x1536.jpeg 2048w, https:\/\/bisbalpenedes.com\/web\/wp-content\/uploads\/2024\/06\/IMG_1510-600x450.jpeg 600w\" sizes=\"(max-width: 1024px) 100vw, 1024px\" \/><\/figure>\n\n\n\n<figure class=\"wp-block-image size-large\"><img loading=\"lazy\" width=\"1024\" height=\"768\" src=\"https:\/\/bisbalpenedes.com\/web\/wp-content\/uploads\/2024\/06\/IMG_1467-1024x768.jpeg\" alt=\"\" class=\"wp-image-30659\" srcset=\"https:\/\/bisbalpenedes.com\/web\/wp-content\/uploads\/2024\/06\/IMG_1467-1024x768.jpeg 1024w, https:\/\/bisbalpenedes.com\/web\/wp-content\/uploads\/2024\/06\/IMG_1467-300x225.jpeg 300w, https:\/\/bisbalpenedes.com\/web\/wp-content\/uploads\/2024\/06\/IMG_1467-768x576.jpeg 768w, https:\/\/bisbalpenedes.com\/web\/wp-content\/uploads\/2024\/06\/IMG_1467-1536x1152.jpeg 1536w, https:\/\/bisbalpenedes.com\/web\/wp-content\/uploads\/2024\/06\/IMG_1467-2048x1536.jpeg 2048w, https:\/\/bisbalpenedes.com\/web\/wp-content\/uploads\/2024\/06\/IMG_1467-600x450.jpeg 600w\" sizes=\"(max-width: 1024px) 100vw, 1024px\" \/><\/figure>\n\n\n\n<hr class=\"wp-block-separator has-alpha-channel-opacity\"\/>\n\n\n\n<p><strong>CASTELLANO | <\/strong>Seis alumnos de la escuela Ull de Vent pintaron, el viernes pasado, pinturas murales en la pared del aparcamiento que hay entre la escuela y la guarder\u00eda municipal, junto con el artista Rul y el emprendedor bisbalenc y gerente de Suit of Art y Creamos tu mascota, Jaume Junqu\u00e9.<\/p>\n\n\n\n<p>La propuesta, que se ha bautizado como Grafftech Fest Kids, es una iniciativa que ha sido posible con la coordinaci\u00f3n de Suite of Art, Creamos tu Mascota, la Concejal\u00eda de Educaci\u00f3n y la escuela Ull de Vent. Durante los pr\u00f3ximos d\u00edas compartiremos las im\u00e1genes en v\u00eddeo de los alumnos, donde explican quienes son los personajes que han imaginado y despu\u00e9s pintado en este muro.<\/p>\n\n\n\n<p>De momento, os dejamos algunas fotograf\u00edas que hicimos entre el viernes y el s\u00e1bado en las obras creadas por Nil, Yerai, Siena, Javier, Mar\u00eda y Santiago, que son los alumnos que fueron seleccionados para hacer las pinturas entre todos los que se inscribieron en el concurso de GraffTech Fest Kids. Como pod\u00e9is comprobar, \u00a1son unos grandes artistas!<\/p>\n\n\n\n<p><a href=\"https:\/\/www.facebook.com\/photo\/?fbid=868242255330031&amp;set=pcb.868243648663225&amp;__cft__[0]=AZVxd4n3lTfD4l3ibK7vcew5kxIcsIpbP9N5FUw98hswuoXYmsDFGC_qgNqo7E1P7de5ZKrVRXQi2UosjphMOPMA7BXMTF6DENDu8qDzjLwmzmR5iNfc2HOIRVE8H3G-7WIYQiZkrWvQ6OY9Ts8kvCU-l7DibqeKPSgNM4pVoDbVv0WN_27t35pKDg-NGo0-ckOJ3pfpx_nCIObjJRFd0Te8&amp;__tn__=*bH-R\"><\/a><\/p>\n\n\n\n<p><a href=\"https:\/\/www.facebook.com\/photo\/?fbid=868242625329994&amp;set=pcb.868243648663225&amp;__cft__[0]=AZVxd4n3lTfD4l3ibK7vcew5kxIcsIpbP9N5FUw98hswuoXYmsDFGC_qgNqo7E1P7de5ZKrVRXQi2UosjphMOPMA7BXMTF6DENDu8qDzjLwmzmR5iNfc2HOIRVE8H3G-7WIYQiZkrWvQ6OY9Ts8kvCU-l7DibqeKPSgNM4pVoDbVv0WN_27t35pKDg-NGo0-ckOJ3pfpx_nCIObjJRFd0Te8&amp;__tn__=*bH-R\"><\/a><\/p>\n\n\n\n<p><a href=\"https:\/\/www.facebook.com\/photo\/?fbid=868242458663344&amp;set=pcb.868243648663225&amp;__cft__[0]=AZVxd4n3lTfD4l3ibK7vcew5kxIcsIpbP9N5FUw98hswuoXYmsDFGC_qgNqo7E1P7de5ZKrVRXQi2UosjphMOPMA7BXMTF6DENDu8qDzjLwmzmR5iNfc2HOIRVE8H3G-7WIYQiZkrWvQ6OY9Ts8kvCU-l7DibqeKPSgNM4pVoDbVv0WN_27t35pKDg-NGo0-ckOJ3pfpx_nCIObjJRFd0Te8&amp;__tn__=*bH-R\"><\/a><\/p>\n\n\n\n<p><a href=\"https:\/\/www.facebook.com\/photo\/?fbid=868242278663362&amp;set=pcb.868243648663225&amp;__cft__[0]=AZVxd4n3lTfD4l3ibK7vcew5kxIcsIpbP9N5FUw98hswuoXYmsDFGC_qgNqo7E1P7de5ZKrVRXQi2UosjphMOPMA7BXMTF6DENDu8qDzjLwmzmR5iNfc2HOIRVE8H3G-7WIYQiZkrWvQ6OY9Ts8kvCU-l7DibqeKPSgNM4pVoDbVv0WN_27t35pKDg-NGo0-ckOJ3pfpx_nCIObjJRFd0Te8&amp;__tn__=*bH-R\"><\/a><\/p>\n\n\n\n<p><a href=\"https:\/\/www.facebook.com\/photo\/?fbid=868242568663333&amp;set=pcb.868243648663225&amp;__cft__[0]=AZVxd4n3lTfD4l3ibK7vcew5kxIcsIpbP9N5FUw98hswuoXYmsDFGC_qgNqo7E1P7de5ZKrVRXQi2UosjphMOPMA7BXMTF6DENDu8qDzjLwmzmR5iNfc2HOIRVE8H3G-7WIYQiZkrWvQ6OY9Ts8kvCU-l7DibqeKPSgNM4pVoDbVv0WN_27t35pKDg-NGo0-ckOJ3pfpx_nCIObjJRFd0Te8&amp;__tn__=*bH-R\"><\/a><\/p>\n","protected":false},"excerpt":{"rendered":"<p>Sis alumnes de l\u2019escola Ull de Vent van pintar, el passat divendres, pintures murals a la paret de l\u2019aparcament que hi ha entre l\u2019escola i la llar d\u2019infants municipal, juntament &hellip; <a href=\"https:\/\/bisbalpenedes.com\/web\/2024\/06\/18\/sis-alumnes-de-lescola-ull-de-vent-han-pintat-murals-en-una-paret-que-hi-ha-entre-lescola-i-la-llar-dinfants\/\" class=\"more-link\">Read More<\/a><\/p>\n","protected":false},"author":4,"featured_media":30655,"comment_status":"closed","ping_status":"closed","sticky":false,"template":"","format":"standard","meta":[],"categories":[8],"tags":[],"_links":{"self":[{"href":"https:\/\/bisbalpenedes.com\/web\/wp-json\/wp\/v2\/posts\/30653"}],"collection":[{"href":"https:\/\/bisbalpenedes.com\/web\/wp-json\/wp\/v2\/posts"}],"about":[{"href":"https:\/\/bisbalpenedes.com\/web\/wp-json\/wp\/v2\/types\/post"}],"author":[{"embeddable":true,"href":"https:\/\/bisbalpenedes.com\/web\/wp-json\/wp\/v2\/users\/4"}],"replies":[{"embeddable":true,"href":"https:\/\/bisbalpenedes.com\/web\/wp-json\/wp\/v2\/comments?post=30653"}],"version-history":[{"count":1,"href":"https:\/\/bisbalpenedes.com\/web\/wp-json\/wp\/v2\/posts\/30653\/revisions"}],"predecessor-version":[{"id":30660,"href":"https:\/\/bisbalpenedes.com\/web\/wp-json\/wp\/v2\/posts\/30653\/revisions\/30660"}],"wp:featuredmedia":[{"embeddable":true,"href":"https:\/\/bisbalpenedes.com\/web\/wp-json\/wp\/v2\/media\/30655"}],"wp:attachment":[{"href":"https:\/\/bisbalpenedes.com\/web\/wp-json\/wp\/v2\/media?parent=30653"}],"wp:term":[{"taxonomy":"category","embeddable":true,"href":"https:\/\/bisbalpenedes.com\/web\/wp-json\/wp\/v2\/categories?post=30653"},{"taxonomy":"post_tag","embeddable":true,"href":"https:\/\/bisbalpenedes.com\/web\/wp-json\/wp\/v2\/tags?post=30653"}],"curies":[{"name":"wp","href":"https:\/\/api.w.org\/{rel}","templated":true}]}}