{"id":30628,"date":"2024-06-17T16:56:51","date_gmt":"2024-06-17T14:56:51","guid":{"rendered":"https:\/\/bisbalpenedes.com\/web\/?p=30628"},"modified":"2024-06-17T16:56:51","modified_gmt":"2024-06-17T14:56:51","slug":"formacio-de-dinamitzador-a-poliesportiu-va-subvencionat-per-a-joves-aturats-dentre-16-i-29-anys","status":"publish","type":"post","link":"https:\/\/bisbalpenedes.com\/web\/2024\/06\/17\/formacio-de-dinamitzador-a-poliesportiu-va-subvencionat-per-a-joves-aturats-dentre-16-i-29-anys\/","title":{"rendered":"Formaci\u00f3 de dinamitzador\/a poliesportiu\/va subvencionat per a joves aturats d&#8217;entre 16 i 29 anys"},"content":{"rendered":"\n<p>Nou curs de dinamitzador\/a poliesportiu\/va 100% subvencionat per a joves d&#8217;entre 16 i 29 anys en situaci\u00f3 d&#8217;atur.<br>M\u00e9s informaci\u00f3 i inscripcions: <a href=\"https:\/\/www.cambratgn.com\/cursos-presencials\/jornada\/523-dinamitzador-a-poliesportiu-va-la-bisbal-del-penedes\">https:\/\/www.cambratgn.com\/cursos-presencials\/jornada\/523-dinamitzador-a-poliesportiu-va-la-bisbal-del-penedes<\/a><\/p>\n\n\n\n<hr class=\"wp-block-separator has-alpha-channel-opacity\"\/>\n\n\n\n<p>Nuevo curso de dinamizador\/a polideportivo\/a 100% subvencionado para j\u00f3venes de entre 16 y 29 a\u00f1os en situaci\u00f3n de paro.<br>M\u00e1s informaci\u00f3n e inscripciones: <a href=\"https:\/\/www.cambratgn.com\/cursos-presencials\/jornada\/523-dinamitzador-a-poliesportiu-va-la-bisbal-del-penedes\">https:\/\/www.cambratgn.com\/cursos-presencials\/jornada\/523-dinamitzador-a-poliesportiu-va-la-bisbal-del-penedes<\/a><\/p>\n\n\n\n<p><\/p>\n","protected":false},"excerpt":{"rendered":"<p>Nou curs de dinamitzador\/a poliesportiu\/va 100% subvencionat per a joves d&#8217;entre 16 i 29 anys en situaci\u00f3 d&#8217;atur.M\u00e9s informaci\u00f3 i inscripcions: https:\/\/www.cambratgn.com\/cursos-presencials\/jornada\/523-dinamitzador-a-poliesportiu-va-la-bisbal-del-penedes Nuevo curso de dinamizador\/a polideportivo\/a 100% subvencionado para &hellip; <a href=\"https:\/\/bisbalpenedes.com\/web\/2024\/06\/17\/formacio-de-dinamitzador-a-poliesportiu-va-subvencionat-per-a-joves-aturats-dentre-16-i-29-anys\/\" class=\"more-link\">Read More<\/a><\/p>\n","protected":false},"author":4,"featured_media":30629,"comment_status":"closed","ping_status":"closed","sticky":false,"template":"","format":"standard","meta":[],"categories":[6509,8,9],"tags":[459,1010,1011,393],"_links":{"self":[{"href":"https:\/\/bisbalpenedes.com\/web\/wp-json\/wp\/v2\/posts\/30628"}],"collection":[{"href":"https:\/\/bisbalpenedes.com\/web\/wp-json\/wp\/v2\/posts"}],"about":[{"href":"https:\/\/bisbalpenedes.com\/web\/wp-json\/wp\/v2\/types\/post"}],"author":[{"embeddable":true,"href":"https:\/\/bisbalpenedes.com\/web\/wp-json\/wp\/v2\/users\/4"}],"replies":[{"embeddable":true,"href":"https:\/\/bisbalpenedes.com\/web\/wp-json\/wp\/v2\/comments?post=30628"}],"version-history":[{"count":1,"href":"https:\/\/bisbalpenedes.com\/web\/wp-json\/wp\/v2\/posts\/30628\/revisions"}],"predecessor-version":[{"id":30630,"href":"https:\/\/bisbalpenedes.com\/web\/wp-json\/wp\/v2\/posts\/30628\/revisions\/30630"}],"wp:featuredmedia":[{"embeddable":true,"href":"https:\/\/bisbalpenedes.com\/web\/wp-json\/wp\/v2\/media\/30629"}],"wp:attachment":[{"href":"https:\/\/bisbalpenedes.com\/web\/wp-json\/wp\/v2\/media?parent=30628"}],"wp:term":[{"taxonomy":"category","embeddable":true,"href":"https:\/\/bisbalpenedes.com\/web\/wp-json\/wp\/v2\/categories?post=30628"},{"taxonomy":"post_tag","embeddable":true,"href":"https:\/\/bisbalpenedes.com\/web\/wp-json\/wp\/v2\/tags?post=30628"}],"curies":[{"name":"wp","href":"https:\/\/api.w.org\/{rel}","templated":true}]}}