{"id":30623,"date":"2024-06-17T14:02:35","date_gmt":"2024-06-17T12:02:35","guid":{"rendered":"https:\/\/bisbalpenedes.com\/web\/?p=30623"},"modified":"2024-06-17T14:02:35","modified_gmt":"2024-06-17T12:02:35","slug":"els-residus-van-a-dins-del-contenidor","status":"publish","type":"post","link":"https:\/\/bisbalpenedes.com\/web\/2024\/06\/17\/els-residus-van-a-dins-del-contenidor\/","title":{"rendered":"Els residus van a dins del contenidor"},"content":{"rendered":"\n<p>Des de la Regidoria de Gesti\u00f3 de Residus volem mostrar, una vegada m\u00e9s, el nostre total rebuig i indignaci\u00f3 cap a l\u2019incivisme d\u2019algunes persones. De deb\u00f2, no costa tant llen\u00e7ar les escombraries a dins del contenidor i, si pel motiu que sigui en aquell moment els contenidors estan plens, us podeu adre\u00e7ar a una altra illa per llen\u00e7ar les escombraries. Aquestes conductes perjudiquen el benestar de la resta de conciutadans i, a m\u00e9s, embruten l&#8217;entorn del nostre municipi. Amb un petit gest per part de tots, podem fer que el poble estigui net.<\/p>\n\n\n\n<hr class=\"wp-block-separator has-alpha-channel-opacity\"\/>\n\n\n\n<p><strong>CASTELLANO | <\/strong>Desde la Concejal\u00eda de Gesti\u00f3n de Residuos queremos mostrar, una vez m\u00e1s, nuestro absoluto rechazo e indignaci\u00f3n hacia el incivismo de algunas personas. De verdad, no costa tanto tirar la basura dentro del contenedor y, si por el motivo que sea en aquel momento los contenedores est\u00e1n llenos, os pod\u00e9is dirigir a otra isla para tirar la basura. Estas conductas perjudican el bienestar del resto de conciudadanos y, adem\u00e1s, ensucian el entorno de nuestro municipio. Con un peque\u00f1o gesto por parte de todos, podemos hacer que el pueblo est\u00e9 limpio.<\/p>\n\n\n\n<p><\/p>\n\n\n\n<figure class=\"wp-block-image size-large\"><img loading=\"lazy\" width=\"1024\" height=\"576\" src=\"https:\/\/bisbalpenedes.com\/web\/wp-content\/uploads\/2024\/06\/WhatsApp-Image-2024-06-17-at-13.09.23-1-1024x576.jpeg\" alt=\"\" class=\"wp-image-30625\" srcset=\"https:\/\/bisbalpenedes.com\/web\/wp-content\/uploads\/2024\/06\/WhatsApp-Image-2024-06-17-at-13.09.23-1-1024x576.jpeg 1024w, https:\/\/bisbalpenedes.com\/web\/wp-content\/uploads\/2024\/06\/WhatsApp-Image-2024-06-17-at-13.09.23-1-300x169.jpeg 300w, https:\/\/bisbalpenedes.com\/web\/wp-content\/uploads\/2024\/06\/WhatsApp-Image-2024-06-17-at-13.09.23-1-768x432.jpeg 768w, https:\/\/bisbalpenedes.com\/web\/wp-content\/uploads\/2024\/06\/WhatsApp-Image-2024-06-17-at-13.09.23-1-1536x864.jpeg 1536w, https:\/\/bisbalpenedes.com\/web\/wp-content\/uploads\/2024\/06\/WhatsApp-Image-2024-06-17-at-13.09.23-1-600x337.jpeg 600w, https:\/\/bisbalpenedes.com\/web\/wp-content\/uploads\/2024\/06\/WhatsApp-Image-2024-06-17-at-13.09.23-1.jpeg 1599w\" sizes=\"(max-width: 1024px) 100vw, 1024px\" \/><\/figure>\n","protected":false},"excerpt":{"rendered":"<p>Des de la Regidoria de Gesti\u00f3 de Residus volem mostrar, una vegada m\u00e9s, el nostre total rebuig i indignaci\u00f3 cap a l\u2019incivisme d\u2019algunes persones. De deb\u00f2, no costa tant llen\u00e7ar &hellip; <a href=\"https:\/\/bisbalpenedes.com\/web\/2024\/06\/17\/els-residus-van-a-dins-del-contenidor\/\" class=\"more-link\">Read More<\/a><\/p>\n","protected":false},"author":4,"featured_media":30624,"comment_status":"closed","ping_status":"closed","sticky":false,"template":"","format":"standard","meta":[],"categories":[3215,8],"tags":[459,1131,1479,393,1374,1182],"_links":{"self":[{"href":"https:\/\/bisbalpenedes.com\/web\/wp-json\/wp\/v2\/posts\/30623"}],"collection":[{"href":"https:\/\/bisbalpenedes.com\/web\/wp-json\/wp\/v2\/posts"}],"about":[{"href":"https:\/\/bisbalpenedes.com\/web\/wp-json\/wp\/v2\/types\/post"}],"author":[{"embeddable":true,"href":"https:\/\/bisbalpenedes.com\/web\/wp-json\/wp\/v2\/users\/4"}],"replies":[{"embeddable":true,"href":"https:\/\/bisbalpenedes.com\/web\/wp-json\/wp\/v2\/comments?post=30623"}],"version-history":[{"count":1,"href":"https:\/\/bisbalpenedes.com\/web\/wp-json\/wp\/v2\/posts\/30623\/revisions"}],"predecessor-version":[{"id":30626,"href":"https:\/\/bisbalpenedes.com\/web\/wp-json\/wp\/v2\/posts\/30623\/revisions\/30626"}],"wp:featuredmedia":[{"embeddable":true,"href":"https:\/\/bisbalpenedes.com\/web\/wp-json\/wp\/v2\/media\/30624"}],"wp:attachment":[{"href":"https:\/\/bisbalpenedes.com\/web\/wp-json\/wp\/v2\/media?parent=30623"}],"wp:term":[{"taxonomy":"category","embeddable":true,"href":"https:\/\/bisbalpenedes.com\/web\/wp-json\/wp\/v2\/categories?post=30623"},{"taxonomy":"post_tag","embeddable":true,"href":"https:\/\/bisbalpenedes.com\/web\/wp-json\/wp\/v2\/tags?post=30623"}],"curies":[{"name":"wp","href":"https:\/\/api.w.org\/{rel}","templated":true}]}}