{"id":30595,"date":"2024-06-14T07:29:01","date_gmt":"2024-06-14T05:29:01","guid":{"rendered":"https:\/\/bisbalpenedes.com\/web\/?p=30595"},"modified":"2024-06-14T07:30:31","modified_gmt":"2024-06-14T05:30:31","slug":"es-liciten-les-noves-franges-forestals-a-la-pineda-de-santa-cristina-i-el-manteniment-de-les-de-lesplai-i-can-gordei","status":"publish","type":"post","link":"https:\/\/bisbalpenedes.com\/web\/2024\/06\/14\/es-liciten-les-noves-franges-forestals-a-la-pineda-de-santa-cristina-i-el-manteniment-de-les-de-lesplai-i-can-gordei\/","title":{"rendered":"Es liciten les noves franges forestals a la Pineda de Santa Cristina i el manteniment de les de l&#8217;Esplai i Can Gordei"},"content":{"rendered":"\n<p>S\u2019ha obert el termini de licitaci\u00f3 per a la creaci\u00f3 de noves franges forestals i manteniment de les existents. S\u2019hi poden presentar propostes fins al 28 de juny a les 14h.<\/p>\n\n\n\n<p>Trobareu tota la informaci\u00f3, aqu\u00ed: <a href=\"https:\/\/contractaciopublica.cat\/ca\/detall-publicacio\/300172548\">https:\/\/contractaciopublica.cat\/ca\/detall-publicacio\/300172548<\/a><\/p>\n\n\n\n<p>La Junta de Govern del 30 d&#8217;abril va aprovar, a petici\u00f3 de les regidories de Barris i Medi Ambient, iniciar l&#8217;expedient de licitaci\u00f3 de noves franges forestals a la Pineda de Santa Cristina i de manteniment de les franges forestals de l&#8217;Esplai i Can Gordei, per un total de 55.715,66\u20ac (IVA incl\u00f2s). Ara, ha comen\u00e7at el termini de licitaci\u00f3 i, una vegada adjudicats els treballs a una empresa, el temps m\u00e0xim d&#8217;execuci\u00f3 es preveu en 2 mesos*. Aquestes actuacions compten amb una subvenci\u00f3 de 19.866\u20ac de la Diputaci\u00f3 de Tarragona.<\/p>\n\n\n\n<p>A la Pineda de Santa Cristina s&#8217;obrir\u00e0 una franja de 2,16 hect\u00e0rees a la zona de l&#8217;ermita (carrers Garrotxa i Empord\u00e0) i una de 5,91 hect\u00e0rees a l&#8217;altra zona de Santa Cristina (carrers Segarra, Solson\u00e8s, Anoia, Vall\u00e8s, Baix Ebre i Alt Camp). Els treballs consistiran a alliberar de vegetaci\u00f3 seca, en vint-i-cinc metres d&#8217;amplada, aclarint la massa arb\u00f2ria: es reduir\u00e0 la densitat de l&#8217;arbrat i l&#8217;estassada del sotabosc; es talaran els arbres que estiguin torts, secs o malalts i la resta s&#8217;aclariran complint les densitats i dist\u00e0ncies establertes per normativa; es far\u00e0 poda inferior d&#8217;aquells arbres que no es talin i dels arbustos d&#8217;al\u00e7ada superior a 3 metres; s&#8217;estassar\u00e0 i triturar\u00e0 el sotabosc.<\/p>\n\n\n\n<p>Les franges a mantenir s\u00f3n la de l&#8217;Esplai (amb 7,52 hect\u00e0rees) i la franja nord-oest de Can Gordei (de 6,8 hect\u00e0rees).<\/p>\n\n\n\n<p>L&#8217;article 4 de la Llei 5\/2003 de mesures de prevenci\u00f3 dels incendis forestals en les urbanitzacions sense continu\u00eftat immediata amb la trama urbana, estableix que la obligaci\u00f3 de fer i mantenir les franges forestals correspon a la comunitat de propietaris o entitat urban\u00edstica corresponent. Si no s&#8217;han fet, l&#8217;obligaci\u00f3 passa als propietaris. Si els propietaris no fan i no mantenen les franges forestals, \u00e9s el municipi qui ho ha de fer.<\/p>\n\n\n\n<p>A la Bisbal del Pened\u00e8s s&#8217;han fet les seg\u00fcents franges forestals:<\/p>\n\n\n\n<ul><li>Entre el 2003 i el 2006: es van obrir entre un 70-75% de les franges forestals a totes les urbanitzacions.<\/li><li>Els anys 2017 i 2018: el 90% de la franja de l&#8217;Esplai i una part de la franja oest de Can Gordei (que limita amb el barranc del Quadrell).<\/li><li>El 2022 es va finalitzar la resta de la franja forestal de Can Gordei.<\/li><\/ul>\n\n\n\n<hr class=\"wp-block-separator has-alpha-channel-opacity\"\/>\n\n\n\n<p><strong>CASTELLANO |<\/strong> Se ha abierto el plazo de licitaci\u00f3n para la creaci\u00f3n de nuevas franjas forestales y el mantenimiento de las existentes. Se pueden presentar propuestas hasta el 28 de junio a las 14h.<\/p>\n\n\n\n<p>Encontrar\u00e9is toda la informaci\u00f3n, aqu\u00ed: <a href=\"https:\/\/contractaciopublica.cat\/ca\/detall-publicacio\/300172548\">https:\/\/contractaciopublica.cat\/ca\/detall-publicacio\/300172548<\/a><\/p>\n\n\n\n<p>La Junta de Gobierno del 30 de abril aprob\u00f3, a petici\u00f3n de las concejal\u00edas de Barrios y Medio Ambiente, iniciar el expediente de licitaci\u00f3n de nuevas franjas forestales en la Pineda de Santa Cristina y de mantenimiento de las franjas forestales de L&#8217;Esplai y Can Gordei, por un total de 55.715,66\u20ac (IVA incluido). Ahora, ha empezado el plazo de licitaci\u00f3n y, una vez adjudicados los trabajos a una empresa, el tiempo m\u00e1ximo de ejecuci\u00f3n se prev\u00e9 en 2 meses*. Estas actuaciones cuentan con una subvenci\u00f3n de 19.866\u20ac de la Diputaci\u00f3 de Tarragona.<\/p>\n\n\n\n<p>En la Pineda de Santa Cristina se abrir\u00e1 una franja de 2,16 hect\u00e1reas en la zona de la ermita (calles Garrotxa y Empord\u00e0) y una de 5,91 hect\u00e1reas en la otra zona de Santa Cristina (calles Segarra, Solson\u00e8s, Anoia, Vall\u00e8s, Baix Ebre y Alt Camp). Los trabajos consistir\u00e1n en liberar de vegetaci\u00f3n seca, en veinticinco metros de ancho, aclarando la masa arb\u00f3rea: se reducir\u00e1 la densidad del arbolado y el desbroce del sotobosque; se talar\u00e1n los \u00e1rboles que est\u00e9n torcidos, secos o enfermos y el resto se aclarar\u00e1n cumpliendo las densidades y distancias establecidas por normativa; se har\u00e1 poda inferior de aquellos \u00e1rboles que no se talen y de los arbustos de altura superior a 3 metros; se desbrozar\u00e1 y triturar\u00e1 el sotobosque.<\/p>\n\n\n\n<p>Las franjas a mantener son la de l&#8217;Esplai (con 7,52 hect\u00e1reas) y la franja noroeste de Can Gordei (de 6,8 hect\u00e1reas).<\/p>\n\n\n\n<p>El art\u00edculo 4 de la Ley 5\/2003 de medidas de prevenci\u00f3n de los incendios forestales en las urbanizaciones sin continuidad inmediata con la trama urbana, establece que la obligaci\u00f3n de hacer y mantener las franjas forestales corresponde a la comunidad de propietarios o entidad urban\u00edstica correspondiente. Si no se han hecho, la obligaci\u00f3n pasa a los propietarios. Si los propietarios no hacen y no mantienen las franjas forestales, es el municipio quien lo tiene que hacer.<\/p>\n\n\n\n<p>En la Bisbal del Pened\u00e8s se han hecho las siguientes franjas forestales:<\/p>\n\n\n\n<ul><li>Entre el 2003 y el 2006: se abrieron entre un 70-75% de las franjas forestales a todas las urbanizaciones.<\/li><li>Los a\u00f1os 2017 y 2018: el 90% de la franja de l&#8217;Esplai y una parte de la franja oeste de Can Gordei (que limita con el barranco del Quadrell).<\/li><li>El 2022 se finaliz\u00f3 el resto de la franja forestal de Can Gordei.<\/li><\/ul>\n\n\n\n<div class=\"wp-container-1 is-vertical wp-block-group\">\n<p><sub>*Sempre que no hi hagi modificacions per part de les indicacions de risc d&#8217;incendi del Departament d&#8217;Interior i Protecci\u00f3 Civil.<\/sub><\/p>\n\n\n\n<p><sub>Siempre que no haya modificaciones por parte de las indicaciones de riesgo de incendio del Departament d&#8217;Interior i Protecci\u00f3 Civil.<\/sub><\/p>\n<\/div>\n","protected":false},"excerpt":{"rendered":"<p>S\u2019ha obert el termini de licitaci\u00f3 per a la creaci\u00f3 de noves franges forestals i manteniment de les existents. S\u2019hi poden presentar propostes fins al 28 de juny a les &hellip; <a href=\"https:\/\/bisbalpenedes.com\/web\/2024\/06\/14\/es-liciten-les-noves-franges-forestals-a-la-pineda-de-santa-cristina-i-el-manteniment-de-les-de-lesplai-i-can-gordei\/\" class=\"more-link\">Read More<\/a><\/p>\n","protected":false},"author":4,"featured_media":30131,"comment_status":"closed","ping_status":"closed","sticky":false,"template":"","format":"standard","meta":[],"categories":[32,8],"tags":[459,5020,1914,5596],"_links":{"self":[{"href":"https:\/\/bisbalpenedes.com\/web\/wp-json\/wp\/v2\/posts\/30595"}],"collection":[{"href":"https:\/\/bisbalpenedes.com\/web\/wp-json\/wp\/v2\/posts"}],"about":[{"href":"https:\/\/bisbalpenedes.com\/web\/wp-json\/wp\/v2\/types\/post"}],"author":[{"embeddable":true,"href":"https:\/\/bisbalpenedes.com\/web\/wp-json\/wp\/v2\/users\/4"}],"replies":[{"embeddable":true,"href":"https:\/\/bisbalpenedes.com\/web\/wp-json\/wp\/v2\/comments?post=30595"}],"version-history":[{"count":2,"href":"https:\/\/bisbalpenedes.com\/web\/wp-json\/wp\/v2\/posts\/30595\/revisions"}],"predecessor-version":[{"id":30597,"href":"https:\/\/bisbalpenedes.com\/web\/wp-json\/wp\/v2\/posts\/30595\/revisions\/30597"}],"wp:featuredmedia":[{"embeddable":true,"href":"https:\/\/bisbalpenedes.com\/web\/wp-json\/wp\/v2\/media\/30131"}],"wp:attachment":[{"href":"https:\/\/bisbalpenedes.com\/web\/wp-json\/wp\/v2\/media?parent=30595"}],"wp:term":[{"taxonomy":"category","embeddable":true,"href":"https:\/\/bisbalpenedes.com\/web\/wp-json\/wp\/v2\/categories?post=30595"},{"taxonomy":"post_tag","embeddable":true,"href":"https:\/\/bisbalpenedes.com\/web\/wp-json\/wp\/v2\/tags?post=30595"}],"curies":[{"name":"wp","href":"https:\/\/api.w.org\/{rel}","templated":true}]}}