{"id":30593,"date":"2024-06-13T20:12:22","date_gmt":"2024-06-13T18:12:22","guid":{"rendered":"https:\/\/bisbalpenedes.com\/web\/?p=30593"},"modified":"2024-06-13T20:12:22","modified_gmt":"2024-06-13T18:12:22","slug":"lajuntament-de-la-bisbal-del-penedes-installara-deas-als-locals-socials-municipals-durant-les-proximes-setmanes","status":"publish","type":"post","link":"https:\/\/bisbalpenedes.com\/web\/2024\/06\/13\/lajuntament-de-la-bisbal-del-penedes-installara-deas-als-locals-socials-municipals-durant-les-proximes-setmanes\/","title":{"rendered":"L&#8217;Ajuntament de la Bisbal del Pened\u00e8s instal\u00b7lara DEAs als locals socials municipals durant les pr\u00f2ximes setmanes"},"content":{"rendered":"\n<p><strong>Se n\u2019instal\u00b7laran als locals socials del Priorat, la Miralba, Can Gordei i l\u2019Esplai i al Pavell\u00f3 Esportiu Municipal<\/strong><\/p>\n\n\n\n<p>La Junta de Govern del 10 de juny ha aprovat, a petici\u00f3 de la Regidoria de Barris, l&#8217;adquisici\u00f3 i instal\u00b7laci\u00f3 de desfibril\u00b7ladors per als locals socials del Priorat, la Miralba, Can Gordei i l&#8217;Esplai i per al Pavell\u00f3 Esportiu Municipal, aix\u00ed com la formaci\u00f3 per al seu \u00fas, el manteniment d&#8217;aquests nous desfibril\u00b7ladors i tamb\u00e9 dels dos que ja t\u00e9 instal\u00b7lats l&#8217;Ajuntament de la Bisbal del Pened\u00e8s.&nbsp;<\/p>\n\n\n\n<p>La contractaci\u00f3 es fa a trav\u00e9s de l&#8217;acord marc amb l&#8217;Associaci\u00f3 Catalana de Municipis (ACM), amb l&#8217;empresa Neosalus Solutions SL. L&#8217;import anual dels nous DEAs \u00e9s d&#8217;11.979\u20ac (IVA incl\u00f2s) i el manteniment de tots els DEAs t\u00e9 un preu de 2.178\u20ac (IVA incl\u00f2s) anual.<\/p>\n\n\n\n<p>En total, s\u2019adquireixen cinc desfibril\u00b7ladors amb vitrina exterior, &#8216;kit&#8217; de socors, inscripci\u00f3 al registre oficial de desfibril\u00b7ladors, formaci\u00f3, senyalitzaci\u00f3, pla de sensibilitzaci\u00f3 i el manteniment del primer any.<\/p>\n\n\n\n<p>Inclouen el m\u00f2dul de connectivitat en maleta intel\u00b7ligent, amb m\u00f2dul de comunicaci\u00f3 amb trucada bidireccional al Sistema d\u2019Emerg\u00e8ncies M\u00e8diques, monitoratge de l\u2019estat del desfibril\u00b7lador, sistema de geolocalitzaci\u00f3 de l\u2019equip, alimentaci\u00f3 amb bateries internes de 4 anys de duraci\u00f3, sistema aut\u00f2nom i port\u00e0til.<\/p>\n\n\n\n<hr class=\"wp-block-separator has-alpha-channel-opacity\"\/>\n\n\n\n<h2><strong>El Ajuntament de la Bisbal del Pened\u00e8s instalara DEAs en los locales sociales municipales durante las pr\u00f3ximas semanas<\/strong><\/h2>\n\n\n\n<h3><strong>Se instalar\u00e1n a los locales sociales del Priorat, la Miralba, Can Gordei y L\u2019Esplai y en el Pavell\u00f3 Esportiu Municipal<\/strong><\/h3>\n\n\n\n<p>La Junta de Gobierno del 10 de junio ha aprobado, a petici\u00f3n de la Concejal\u00eda de Barrios, la adquisici\u00f3n e instalaci\u00f3n de desfibriladores para los locales sociales del Priorat, la Miralba, Can Gordei y L\u2019Esplai y para el Pavell\u00f3 Esportiu Municipal, as\u00ed como la formaci\u00f3n para su uso, el mantenimiento de estos nuevos desfibriladores y tambi\u00e9n de los dos que ya tiene instalados el Ajuntament de la Bisbal del Pened\u00e8s.<\/p>\n\n\n\n<p>La contrataci\u00f3n se hace a trav\u00e9s del acuerdo marco con la Associaci\u00f3 Catalana de Municipis (ACM), con la empresa Neosalus Solutions SL. El importe anual de los nuevos DEAs es de 11.979\u20ac (IVA incluido) y el mantenimiento de todos los DEAs tiene un precio de 2.178\u20ac (IVA incluido) anual.<\/p>\n\n\n\n<p>En total, se adquieren cinco desfibriladores con vitrina exterior, &#8216;kit&#8217; de socorro, inscripci\u00f3n al registro oficial de desfibriladores, formaci\u00f3n, se\u00f1alizaci\u00f3n, plan de sensibilizaci\u00f3n y el mantenimiento del primer a\u00f1o.<\/p>\n\n\n\n<p>Incluyen el m\u00f3dulo de conectividad en maleta inteligente, con m\u00f3dulo de comunicaci\u00f3n con llamada bidireccional al Sistema d\u2019Emerg\u00e8ncies M\u00e8diques, monitorizaci\u00f3n del estado del desfibrilador, sistema de geolocalizaci\u00f3n del equipo, alimentaci\u00f3n con bater\u00edas internas de 4 a\u00f1os de duraci\u00f3n, sistema aut\u00f3nomo y port\u00e1til.<\/p>\n","protected":false},"excerpt":{"rendered":"<p>Se n\u2019instal\u00b7laran als locals socials del Priorat, la Miralba, Can Gordei i l\u2019Esplai i al Pavell\u00f3 Esportiu Municipal La Junta de Govern del 10 de juny ha aprovat, a petici\u00f3 &hellip; <a href=\"https:\/\/bisbalpenedes.com\/web\/2024\/06\/13\/lajuntament-de-la-bisbal-del-penedes-installara-deas-als-locals-socials-municipals-durant-les-proximes-setmanes\/\" class=\"more-link\">Read More<\/a><\/p>\n","protected":false},"author":4,"featured_media":25022,"comment_status":"closed","ping_status":"closed","sticky":false,"template":"","format":"standard","meta":[],"categories":[4287,8],"tags":[874,459,6697,6698,6699,393,886],"_links":{"self":[{"href":"https:\/\/bisbalpenedes.com\/web\/wp-json\/wp\/v2\/posts\/30593"}],"collection":[{"href":"https:\/\/bisbalpenedes.com\/web\/wp-json\/wp\/v2\/posts"}],"about":[{"href":"https:\/\/bisbalpenedes.com\/web\/wp-json\/wp\/v2\/types\/post"}],"author":[{"embeddable":true,"href":"https:\/\/bisbalpenedes.com\/web\/wp-json\/wp\/v2\/users\/4"}],"replies":[{"embeddable":true,"href":"https:\/\/bisbalpenedes.com\/web\/wp-json\/wp\/v2\/comments?post=30593"}],"version-history":[{"count":1,"href":"https:\/\/bisbalpenedes.com\/web\/wp-json\/wp\/v2\/posts\/30593\/revisions"}],"predecessor-version":[{"id":30594,"href":"https:\/\/bisbalpenedes.com\/web\/wp-json\/wp\/v2\/posts\/30593\/revisions\/30594"}],"wp:featuredmedia":[{"embeddable":true,"href":"https:\/\/bisbalpenedes.com\/web\/wp-json\/wp\/v2\/media\/25022"}],"wp:attachment":[{"href":"https:\/\/bisbalpenedes.com\/web\/wp-json\/wp\/v2\/media?parent=30593"}],"wp:term":[{"taxonomy":"category","embeddable":true,"href":"https:\/\/bisbalpenedes.com\/web\/wp-json\/wp\/v2\/categories?post=30593"},{"taxonomy":"post_tag","embeddable":true,"href":"https:\/\/bisbalpenedes.com\/web\/wp-json\/wp\/v2\/tags?post=30593"}],"curies":[{"name":"wp","href":"https:\/\/api.w.org\/{rel}","templated":true}]}}