{"id":30582,"date":"2024-06-12T16:48:25","date_gmt":"2024-06-12T14:48:25","guid":{"rendered":"https:\/\/bisbalpenedes.com\/web\/?p=30582"},"modified":"2024-06-12T16:48:25","modified_gmt":"2024-06-12T14:48:25","slug":"el-proxim-dilluns-17-de-juny-se-celebrara-el-ple-ordinari-a-lajuntament-de-la-bisbal-del-penedes-corresponent-a-aquest-trimestre","status":"publish","type":"post","link":"https:\/\/bisbalpenedes.com\/web\/2024\/06\/12\/el-proxim-dilluns-17-de-juny-se-celebrara-el-ple-ordinari-a-lajuntament-de-la-bisbal-del-penedes-corresponent-a-aquest-trimestre\/","title":{"rendered":"<strong>El pr\u00f2xim dilluns 17 de juny se celebrar\u00e0 el Ple Ordinari a l\u2019Ajuntament de la Bisbal del Pened\u00e8s corresponent a aquest trimestre<\/strong>"},"content":{"rendered":"\n<p>El proper dilluns 17 de juny, a les 18h, se celebrar\u00e0 el Ple Ordinari de l\u2019Ajuntament de la Bisbal del Pened\u00e8s corresponent al mes de desembre. S\u2019hi tractaran els punts seg\u00fcents:<\/p>\n\n\n\n<p><strong>PART RESOLUTIVA:<\/strong><\/p>\n\n\n\n<p><strong>Punt 1:<\/strong> Aprovaci\u00f3 de l&#8217;acte del Ple ordinari del 18 de mar\u00e7<\/p>\n\n\n\n<p><strong>Punt 2:<\/strong> Aprovaci\u00f3 de l&#8217;acte del Ple extraordinari del 17 d&#8217;abril<\/p>\n\n\n\n<p><strong>Punt 3: <\/strong>Aprovaci\u00f3 de l&#8217;acte del Ple extraordinari del 15 de maig<\/p>\n\n\n\n<p><strong>Punt 4:<\/strong> Aprovaci\u00f3 de la delimitaci\u00f3 entre els termes municipals de La Bisbal del Pened\u00e8s i d&#8217;Albinyana<\/p>\n\n\n\n<p><strong>Punt 5: <\/strong>Aprovaci\u00f3 inicial de la modificaci\u00f3 puntual de les Normes subsidi\u00e0ries de planejament<\/p>\n\n\n\n<p><strong>Punt 6:<\/strong> Aprovaci\u00f3 de les festes locals pel 2025<\/p>\n\n\n\n<p><strong>Punt 7: <\/strong>Aprovaci\u00f3 inicial de la modificaci\u00f3 de cr\u00e8dit per projectes de benestar animal, pol\u00edtiques d&#8217;igualtat i arranjament de camins<\/p>\n\n\n\n<p><strong>Punt 8:<\/strong> Aprovaci\u00f3 del nou redactat del conveni per l&#8217;Aula Mentor, a inst\u00e0ncies del Ministerio de Educaci\u00f3n<\/p>\n\n\n\n<p><strong>Punt 9:<\/strong>\u00a0Ratificaci\u00f3 de l&#8217;acord de les al\u00b7legacions presentades a l\u2019Avantprojecte del Pla territorial parcial del Pened\u00e8s.<\/p>\n\n\n\n<p><strong>PART DE CONTROL:<\/strong><\/p>\n\n\n\n<p><strong>Punt 10:<\/strong> Donar compte dels Decrets d&#8217;alcaldia<\/p>\n\n\n\n<p><strong>Punt 11:<\/strong> Donar compte de les actes de Junta de Govern Local<\/p>\n\n\n\n<p><strong>Punt 12:<\/strong> Moci\u00f3 presentada pel grup municipal de La Bisbal Decideix &#8220;Contra el conjunt de parcs e\u00f2lics i fotovoltaics i les seves l\u00ednies d&#8217;evacuaci\u00f3 i distribuci\u00f3 pel territori de Catalunya&#8221;<\/p>\n\n\n\n<p><strong>Punt 13<\/strong>: Moci\u00f3 presentada pel grup municipal de La Bisbal Decideix sobre &#8220;El pla de promoci\u00f3 de comunitats energ\u00e8tiques&#8221;<\/p>\n\n\n\n<p><strong>Punt 14<\/strong>:\u00a0\u00a0Donar compte de l&#8217;informe d&#8217;Intervenci\u00f3 relatiu a l&#8217;execuci\u00f3 del pressupost corresponent al 1r trimestre de 2024<\/p>\n\n\n\n<p><strong>PRECS I PREGUNTES<\/strong><\/p>\n\n\n\n<p><strong>PRECS I PREGUNTES DE LA CIUTADANIA<\/strong><\/p>\n\n\n\n<p>Segons el ROM aprovat al Ple de l\u2019Ajuntament de la Bisbal el 19 de juny de 2017, la ciutadania pot participar en els Plens Ordinaris. Tot seguit us detallem el funcionament d\u2019aquest sup\u00f2sit:<\/p>\n\n\n\n<p>Totes les persones tenen dret a intervenir en les sessions ordin\u00e0ries del Ple en el punt de l\u2019ordre del dia de \u2018Precs i preguntes\u2019, d\u2019acord amb les prescripcions seg\u00fcents:<\/p>\n\n\n\n<ul><li>El prec o pregunta s\u2019haur\u00e0 de sol\u2022licitar a l\u2019Alcaldia:<\/li><\/ul>\n\n\n\n<p>o per escrit i entrar-lo\/a al Registre General com a m\u00e0xim 24 hores abans del Ple Ordinari<\/p>\n\n\n\n<p>o Per Twitter a @BisbalPenedes com a m\u00e0xim 24h abans del Ple Ordinari, complint el protocol d\u2019\u00fas de les xarxes socials i emprant l\u2019etiqueta&nbsp;<a href=\"https:\/\/www.facebook.com\/hashtag\/plebisbalpened%C3%A8s?__eep__=6&amp;source=feed_text&amp;epa=HASHTAG&amp;__xts__%5B0%5D=68.ARD1wXWwwlno0rOKPmoxxgSz89WYH5i8NHgdzmCY3U1GDyNswWNuLJC5R3CyiwZ8glyCklNOgb5D6-ILDBbxPeAhsZdMu8qbfllJN2mwOAG9lPX1POezHU4xpQ6CrtbSOFPuM13bcQDPXDkcT8uMdzLDRgfw5h57ESASLFFbhrUkWoxSN8IheJ2bj9-81sTG3gqQ-wPW1oTv63_qHlpWUiTPav-2exYCEXYInFYQJDcg-f8siVOv1iRTgFStQHuyX1OUlmXnMQEAJGyp0rbWxJ0DXP_c3jiScxjBnW0-ebrftvJ5rcDs6dNS_U1mdQ8lmfvzgSMIsH-xyDrOEt-i4-01nqBm&amp;__tn__=%2ANK-R\">#PleBisbalPened\u00e8s<\/a>, seguit del prec o pregunta.<\/p>\n\n\n\n<ul><li>L\u2019assumpte objecte del prec o pregunta haur\u00e0 de ser de compet\u00e8ncia municipal sobre l\u2019acci\u00f3 de govern o estar directament relacionat amb els punts inclosos a l\u2019ordre del dia.<\/li><li>Cada ciutad\u00e0\/ana pot formular un prec i una pregunta en un mateix Ple. La longitud m\u00e0xima de cada piulada \u00e9s de 140 car\u00e0cters i no es pot continuar la pregunta en un segon \u2018tweet\u2019.<\/li><li>L\u2019alcaldia podr\u00e0 no respondre si \u00e9s un assumpte sobre el qual l\u2019Ajuntament no t\u00e9 compet\u00e8ncies o si ja s\u2019ha presentat la mateixa pregunta en una altra sessi\u00f3 plen\u00e0ria en els \u00faltims 6 mesos.<\/li><li>L\u2019alcaldia comunicar\u00e0, acabat el termini m\u00e0xim de presentaci\u00f3 de preguntes, a qui vagin dirigides les preguntes o peticions sol\u2022licitades perqu\u00e8 les pugui respondre.<\/li><li>L\u2019Alcaldia llegir\u00e0 la pregunta en veu alta.<\/li><li>L\u2019alcaldia o a qui va adre\u00e7ada la pregunta, la respondr\u00e0 en la mateixa sessi\u00f3 del Ple.<\/li><\/ul>\n\n\n\n<hr class=\"wp-block-separator has-alpha-channel-opacity\"\/>\n\n\n\n<p><strong>CASTELLANO |<\/strong> El pr\u00f3ximo lunes 17 de junio, a las 18h, se celebrar\u00e1 el Pleno Ordinario del Ajuntament de la Bisbal del Pened\u00e8s correspondiendo al mes de diciembre. Se tratar\u00e1n los puntos siguientes:<\/p>\n\n\n\n<p><strong>PARTE RESOLUTIVA:<\/strong><\/p>\n\n\n\n<p><strong>Punto 1:<\/strong> Aprobaci\u00f3n del acta del Pleno ordinario del 18 de marzo<\/p>\n\n\n\n<p><strong>Punto 2:<\/strong> Aprobaci\u00f3n del acta del Pleno extraordinario del 17 de abril<\/p>\n\n\n\n<p><strong>Punto 3:<\/strong> Aprobaci\u00f3n del acta del Pleno extraordinario del 15 de mayo<\/p>\n\n\n\n<p><strong>Punto 4:<\/strong> Aprobaci\u00f3n de la delimitaci\u00f3n entre los t\u00e9rminos municipales de La Bisbal del Pened\u00e8s y de Albinyana<\/p>\n\n\n\n<p><strong>Punto 5:<\/strong> Aprobaci\u00f3n inicial de la modificaci\u00f3n puntual de las Normas subsidiarias de planeamiento<\/p>\n\n\n\n<p><strong>Punto 6:<\/strong> Aprobaci\u00f3n de las fiestas locales para el 2025<\/p>\n\n\n\n<p><strong>Punto 7:<\/strong> Aprobaci\u00f3n inicial de la modificaci\u00f3n de cr\u00e9dito por proyectos de bienestar animal, pol\u00edticas de igualdad y arreglo de caminos<\/p>\n\n\n\n<p><strong>Punto 8:<\/strong> Aprobaci\u00f3n del nuevo redactado del convenio por el Aula Mentor, a instancia del Ministerio de Educaci\u00f3n<\/p>\n\n\n\n<p><strong>Punto 9:<\/strong> Ratificaci\u00f3n del acuerdo de las alegaciones presentadas al Anteproyecto del Plan territorial parcial del Pened\u00e8s.<\/p>\n\n\n\n<p><strong>PARTE DE CONTROL:<\/strong><\/p>\n\n\n\n<p><strong>Punto 10:<\/strong> Dar cuenta de los Decretos de alcald\u00eda<\/p>\n\n\n\n<p><strong>Punto 11:<\/strong> Dar cuenta de las actas de Junta de Gobierno Local<\/p>\n\n\n\n<p><strong>Punto 12:<\/strong> Moci\u00f3n presentada por el grupo municipal de La Bisbal Decideix &#8220;Contra el conjunto de parques e\u00f3licos y fotovoltaicos y sus l\u00edneas de evacuaci\u00f3n y distribuci\u00f3n por el territorio de Catalunya&#8221;<\/p>\n\n\n\n<p><strong>Punto 13:<\/strong> Moci\u00f3n presentada por el grupo municipal de La Bisbal Decideix sobre &#8220;El plan de promoci\u00f3n de comunidades energ\u00e9ticas&#8221;<\/p>\n\n\n\n<p><strong>Punto 14:<\/strong> Dar cuenta del informe de Intervenci\u00f3n relativo a la ejecuci\u00f3n del presupuesto correspondiente al 1.\u00ba trimestre de 2024<\/p>\n\n\n\n<p><strong>RUEGOS Y PREGUNTAS<\/strong><\/p>\n\n\n\n<p><strong>RUEGOS Y PREGUNTAS DE LA CIUDADAN\u00cdA<\/strong><\/p>\n\n\n\n<p>Seg\u00fan el ROM aprobado en el Pleno del Ayuntamiento de la Bisbal del Pened\u00e8s el pasado 19 de junio del 2017, la ciudadan\u00eda puede participar en los Plenos Ordinarios. A continuaci\u00f3n, os detallamos el funcionamiento de este supuesto:<\/p>\n\n\n\n<p>Todas las personas tienen derecho a intervenir en las sesiones ordinarias del Pleno en el punto de la orden del d\u00eda de \u2018Ruegos y preguntas\u2019, de acuerdo con las prescripciones siguientes:<\/p>\n\n\n\n<ul><li>El ruego o pregunta deber\u00e1 solicitarse a Alcald\u00eda:<\/li><\/ul>\n\n\n\n<p>o Por escrito y entrarlo\/la por escrito como m\u00e1ximo 24 horas antes del Pleno Ordinario<\/p>\n\n\n\n<p>o Por Twitter en @BisbalPenedes como m\u00e1ximo 24h antes del Pleno Ordinario, cumpliendo el protocolo de uso de las redes sociales con el formato&nbsp;<a href=\"https:\/\/www.facebook.com\/hashtag\/plebisbalpened%C3%A8s?__eep__=6&amp;source=feed_text&amp;epa=HASHTAG&amp;__xts__%5B0%5D=68.ARD1wXWwwlno0rOKPmoxxgSz89WYH5i8NHgdzmCY3U1GDyNswWNuLJC5R3CyiwZ8glyCklNOgb5D6-ILDBbxPeAhsZdMu8qbfllJN2mwOAG9lPX1POezHU4xpQ6CrtbSOFPuM13bcQDPXDkcT8uMdzLDRgfw5h57ESASLFFbhrUkWoxSN8IheJ2bj9-81sTG3gqQ-wPW1oTv63_qHlpWUiTPav-2exYCEXYInFYQJDcg-f8siVOv1iRTgFStQHuyX1OUlmXnMQEAJGyp0rbWxJ0DXP_c3jiScxjBnW0-ebrftvJ5rcDs6dNS_U1mdQ8lmfvzgSMIsH-xyDrOEt-i4-01nqBm&amp;__tn__=%2ANK-R\">#PleBisbalPened\u00e8s<\/a>, seguido del ruego o pregunta.<\/p>\n\n\n\n<ul><li>El asunto objeto del ruego o pregunta deber\u00e1 ser de competencia municipal sobre la acci\u00f3n de gobierno o estar directamente relacionado con los puntos incluidos en el orden del d\u00eda.<\/li><li>Cada ciudadano\/na puede formular un ruego y una pregunta en un mismo Pleno. La longitud m\u00e1xima de cada tweet es de 140 caracteres y no se puede continuar la pregunta con un segundo \u2018tweet.<\/li><li>Alcald\u00eda podr\u00e1 no responder si es un asunto sobre el cual el Ayuntamiento no tiene competencias o si ya se ha presentado la misma pregunta en otra sesi\u00f3n plenaria de los \u00faltimos 6 meses.<\/li><li>&nbsp;Alcald\u00eda comunicar\u00e1, terminado el plazo m\u00e1ximo de presentaci\u00f3n de preguntas, a quien vayan dirigidas las preguntas o peticiones solicitadas para que las pueda responder.<\/li><li>Alcald\u00eda leer\u00e1 la pregunta en voz alta.<\/li><li>Alcald\u00eda o a quien vaya dirigida la pregunta, la responder\u00e1 en la misma sesi\u00f3n del Pleno.<\/li><\/ul>\n","protected":false},"excerpt":{"rendered":"<p>El proper dilluns 17 de juny, a les 18h, se celebrar\u00e0 el Ple Ordinari de l\u2019Ajuntament de la Bisbal del Pened\u00e8s corresponent al mes de desembre. S\u2019hi tractaran els punts &hellip; <a href=\"https:\/\/bisbalpenedes.com\/web\/2024\/06\/12\/el-proxim-dilluns-17-de-juny-se-celebrara-el-ple-ordinari-a-lajuntament-de-la-bisbal-del-penedes-corresponent-a-aquest-trimestre\/\" class=\"more-link\">Read More<\/a><\/p>\n","protected":false},"author":4,"featured_media":20647,"comment_status":"closed","ping_status":"closed","sticky":false,"template":"","format":"standard","meta":[],"categories":[8,2251,2250],"tags":[459,393,139,249],"_links":{"self":[{"href":"https:\/\/bisbalpenedes.com\/web\/wp-json\/wp\/v2\/posts\/30582"}],"collection":[{"href":"https:\/\/bisbalpenedes.com\/web\/wp-json\/wp\/v2\/posts"}],"about":[{"href":"https:\/\/bisbalpenedes.com\/web\/wp-json\/wp\/v2\/types\/post"}],"author":[{"embeddable":true,"href":"https:\/\/bisbalpenedes.com\/web\/wp-json\/wp\/v2\/users\/4"}],"replies":[{"embeddable":true,"href":"https:\/\/bisbalpenedes.com\/web\/wp-json\/wp\/v2\/comments?post=30582"}],"version-history":[{"count":1,"href":"https:\/\/bisbalpenedes.com\/web\/wp-json\/wp\/v2\/posts\/30582\/revisions"}],"predecessor-version":[{"id":30583,"href":"https:\/\/bisbalpenedes.com\/web\/wp-json\/wp\/v2\/posts\/30582\/revisions\/30583"}],"wp:featuredmedia":[{"embeddable":true,"href":"https:\/\/bisbalpenedes.com\/web\/wp-json\/wp\/v2\/media\/20647"}],"wp:attachment":[{"href":"https:\/\/bisbalpenedes.com\/web\/wp-json\/wp\/v2\/media?parent=30582"}],"wp:term":[{"taxonomy":"category","embeddable":true,"href":"https:\/\/bisbalpenedes.com\/web\/wp-json\/wp\/v2\/categories?post=30582"},{"taxonomy":"post_tag","embeddable":true,"href":"https:\/\/bisbalpenedes.com\/web\/wp-json\/wp\/v2\/tags?post=30582"}],"curies":[{"name":"wp","href":"https:\/\/api.w.org\/{rel}","templated":true}]}}