{"id":30577,"date":"2024-06-12T15:19:01","date_gmt":"2024-06-12T13:19:01","guid":{"rendered":"https:\/\/bisbalpenedes.com\/web\/?p=30577"},"modified":"2024-06-12T15:19:30","modified_gmt":"2024-06-12T13:19:30","slug":"saprova-una-despesa-menor-per-redactar-el-projecte-de-control-de-colonies-felines-i-sollicitar-una-subvencio-al-ministerio-de-derechos-sociales-y-agenda-2023","status":"publish","type":"post","link":"https:\/\/bisbalpenedes.com\/web\/2024\/06\/12\/saprova-una-despesa-menor-per-redactar-el-projecte-de-control-de-colonies-felines-i-sollicitar-una-subvencio-al-ministerio-de-derechos-sociales-y-agenda-2023\/","title":{"rendered":"S&#8217;aprova una despesa menor per redactar el projecte de control \u00e8tic de col\u00f2nies felines i sol\u00b7licitar una subvenci\u00f3 al Ministerio de Derechos Sociales y Agenda 2023"},"content":{"rendered":"\n<p>La Regidoria de Benestar Animal de l\u2019Ajuntament de La Bisbal ha aprovat una despesa menor per a la redacci\u00f3 del projecte CER, amb l\u2019objectiu de sol\u00b7licitar una subvenci\u00f3 per al control de la poblaci\u00f3 de col\u00f2nies felines del Ministerio de Derechos Sociales y Agenda 2023. L\u2019import d\u2019aquest contracte ascendeix a 3.206,50\u20ac (IVA incl\u00f2s).<\/p>\n\n\n\n<hr class=\"wp-block-separator has-alpha-channel-opacity\"\/>\n\n\n\n<p>La Concejal\u00eda de Bienestar Animal del Ajuntament de la Bisbal ha aprobado un gasto menor para la redacci\u00f3n del proyecto CER con el objetivo de solicitar una subvenci\u00f3n para el control de la poblaci\u00f3n de colonias felinas del Ministerio de Derechos Sociales y Agenda 2023. El importe de este contrato asciende a 3.206,50\u20ac (IVA incluido).<\/p>\n","protected":false},"excerpt":{"rendered":"<p>La Regidoria de Benestar Animal de l\u2019Ajuntament de La Bisbal ha aprovat una despesa menor per a la redacci\u00f3 del projecte CER, amb l\u2019objectiu de sol\u00b7licitar una subvenci\u00f3 per al &hellip; <a href=\"https:\/\/bisbalpenedes.com\/web\/2024\/06\/12\/saprova-una-despesa-menor-per-redactar-el-projecte-de-control-de-colonies-felines-i-sollicitar-una-subvencio-al-ministerio-de-derechos-sociales-y-agenda-2023\/\" class=\"more-link\">Read More<\/a><\/p>\n","protected":false},"author":4,"featured_media":30578,"comment_status":"closed","ping_status":"closed","sticky":false,"template":"","format":"standard","meta":[],"categories":[6117,8],"tags":[1394,6696,6695],"_links":{"self":[{"href":"https:\/\/bisbalpenedes.com\/web\/wp-json\/wp\/v2\/posts\/30577"}],"collection":[{"href":"https:\/\/bisbalpenedes.com\/web\/wp-json\/wp\/v2\/posts"}],"about":[{"href":"https:\/\/bisbalpenedes.com\/web\/wp-json\/wp\/v2\/types\/post"}],"author":[{"embeddable":true,"href":"https:\/\/bisbalpenedes.com\/web\/wp-json\/wp\/v2\/users\/4"}],"replies":[{"embeddable":true,"href":"https:\/\/bisbalpenedes.com\/web\/wp-json\/wp\/v2\/comments?post=30577"}],"version-history":[{"count":2,"href":"https:\/\/bisbalpenedes.com\/web\/wp-json\/wp\/v2\/posts\/30577\/revisions"}],"predecessor-version":[{"id":30580,"href":"https:\/\/bisbalpenedes.com\/web\/wp-json\/wp\/v2\/posts\/30577\/revisions\/30580"}],"wp:featuredmedia":[{"embeddable":true,"href":"https:\/\/bisbalpenedes.com\/web\/wp-json\/wp\/v2\/media\/30578"}],"wp:attachment":[{"href":"https:\/\/bisbalpenedes.com\/web\/wp-json\/wp\/v2\/media?parent=30577"}],"wp:term":[{"taxonomy":"category","embeddable":true,"href":"https:\/\/bisbalpenedes.com\/web\/wp-json\/wp\/v2\/categories?post=30577"},{"taxonomy":"post_tag","embeddable":true,"href":"https:\/\/bisbalpenedes.com\/web\/wp-json\/wp\/v2\/tags?post=30577"}],"curies":[{"name":"wp","href":"https:\/\/api.w.org\/{rel}","templated":true}]}}