{"id":30568,"date":"2024-06-12T14:46:52","date_gmt":"2024-06-12T12:46:52","guid":{"rendered":"https:\/\/bisbalpenedes.com\/web\/?p=30568"},"modified":"2024-06-12T14:46:52","modified_gmt":"2024-06-12T12:46:52","slug":"lectura-del-manifest-del-dia-mundial-de-la-presa-de-consciencia-sobre-labus-i-el-maltractament-a-les-persones-grans-divendres-14-de-juny-a-les-12h-al-raco-de-la-gent-gran","status":"publish","type":"post","link":"https:\/\/bisbalpenedes.com\/web\/2024\/06\/12\/lectura-del-manifest-del-dia-mundial-de-la-presa-de-consciencia-sobre-labus-i-el-maltractament-a-les-persones-grans-divendres-14-de-juny-a-les-12h-al-raco-de-la-gent-gran\/","title":{"rendered":"Lectura del Manifest del Dia Mundial de la Presa de Consci\u00e8ncia sobre l&#8217;Ab\u00fas i el Maltractament a les Persones Grans: divendres 14 de juny a les 12h al Rac\u00f3 de la Gent Gran"},"content":{"rendered":"\n<p>Defensem els drets de la gent gran, perqu\u00e8 puguin gaudir, amb felicitat, d&#8217;aquesta etapa de la vida.<\/p>\n\n\n\n<p>Aquest divendres 14 de juny, a les 12h, es far\u00e0 la lectura del manifest del Dia Mundial de la Presa de Consci\u00e8ncia sobre l\u2019Ab\u00fas i el Maltractament a les Persones Grans, amb l\u2019objectiu de crear consci\u00e8ncia social per combatre aquesta xacra social i defensar els drets de la gent gran. L\u2019acte es far\u00e0 al Rac\u00f3 de la Gent Gran i ser\u00e0 obert a tothom.<\/p>\n\n\n\n<hr class=\"wp-block-separator has-alpha-channel-opacity\"\/>\n\n\n\n<p>Defendamos los derechos de la gente mayor para que puedan disfrutar, con felicidad, de esta etapa de la vida.<\/p>\n\n\n\n<p>Este viernes 14 de junio, a las 12h, se har\u00e1 la lectura del manifiesto del D\u00eda Mundial de la Toma de Consciencia sobre el Abuso y el Maltrato a las Personas Mayores, con el objetivo de crear consciencia social y combatir esta chacra social y defender los derechos de la gente mayor. El acto ser har\u00e1 en el Rac\u00f3 de la Gent Gran y ser\u00e1 abierto a todo el mundo<\/p>\n","protected":false},"excerpt":{"rendered":"<p>Defensem els drets de la gent gran, perqu\u00e8 puguin gaudir, amb felicitat, d&#8217;aquesta etapa de la vida. Aquest divendres 14 de juny, a les 12h, es far\u00e0 la lectura del &hellip; <a href=\"https:\/\/bisbalpenedes.com\/web\/2024\/06\/12\/lectura-del-manifest-del-dia-mundial-de-la-presa-de-consciencia-sobre-labus-i-el-maltractament-a-les-persones-grans-divendres-14-de-juny-a-les-12h-al-raco-de-la-gent-gran\/\" class=\"more-link\">Read More<\/a><\/p>\n","protected":false},"author":4,"featured_media":30569,"comment_status":"closed","ping_status":"closed","sticky":false,"template":"","format":"standard","meta":[],"categories":[464,3088,8],"tags":[459,6692,6691,305,393,1376],"_links":{"self":[{"href":"https:\/\/bisbalpenedes.com\/web\/wp-json\/wp\/v2\/posts\/30568"}],"collection":[{"href":"https:\/\/bisbalpenedes.com\/web\/wp-json\/wp\/v2\/posts"}],"about":[{"href":"https:\/\/bisbalpenedes.com\/web\/wp-json\/wp\/v2\/types\/post"}],"author":[{"embeddable":true,"href":"https:\/\/bisbalpenedes.com\/web\/wp-json\/wp\/v2\/users\/4"}],"replies":[{"embeddable":true,"href":"https:\/\/bisbalpenedes.com\/web\/wp-json\/wp\/v2\/comments?post=30568"}],"version-history":[{"count":1,"href":"https:\/\/bisbalpenedes.com\/web\/wp-json\/wp\/v2\/posts\/30568\/revisions"}],"predecessor-version":[{"id":30570,"href":"https:\/\/bisbalpenedes.com\/web\/wp-json\/wp\/v2\/posts\/30568\/revisions\/30570"}],"wp:featuredmedia":[{"embeddable":true,"href":"https:\/\/bisbalpenedes.com\/web\/wp-json\/wp\/v2\/media\/30569"}],"wp:attachment":[{"href":"https:\/\/bisbalpenedes.com\/web\/wp-json\/wp\/v2\/media?parent=30568"}],"wp:term":[{"taxonomy":"category","embeddable":true,"href":"https:\/\/bisbalpenedes.com\/web\/wp-json\/wp\/v2\/categories?post=30568"},{"taxonomy":"post_tag","embeddable":true,"href":"https:\/\/bisbalpenedes.com\/web\/wp-json\/wp\/v2\/tags?post=30568"}],"curies":[{"name":"wp","href":"https:\/\/api.w.org\/{rel}","templated":true}]}}