{"id":30565,"date":"2024-06-12T14:16:53","date_gmt":"2024-06-12T12:16:53","guid":{"rendered":"https:\/\/bisbalpenedes.com\/web\/?p=30565"},"modified":"2024-06-12T14:16:53","modified_gmt":"2024-06-12T12:16:53","slug":"aquest-dimarts-sha-celebrat-la-reunio-informativa-comarcal-de-la-nova-comunitat-de-regants","status":"publish","type":"post","link":"https:\/\/bisbalpenedes.com\/web\/2024\/06\/12\/aquest-dimarts-sha-celebrat-la-reunio-informativa-comarcal-de-la-nova-comunitat-de-regants\/","title":{"rendered":"Aquest dimarts s&#8217;ha celebrat la reuni\u00f3 informativa comarcal de la nova comunitat de regants"},"content":{"rendered":"\n<p>Aquest dimarts 11 de juny, la sala d\u2019actes de l\u2019Agr\u00edcola de Cr\u00e8dit d\u2019Albinyana ha acollit la reuni\u00f3 informativa comarcal de la nova comunitat de regants, per donar a con\u00e8ixer els moviments que s\u2019han fet fins a la data per a la constituci\u00f3 d\u2019una comunitat de regants per a l\u2019aprofitament de les aig\u00fces regenerades de les depuradores de la comarca. La trobada ha comptat amb la pres\u00e8ncia de m\u00e9s d\u2019un centenar de pagesos de tot el Baix Pened\u00e8s, que s\u2019han mostrat molt interessants amb la iniciativa. La regidora d\u2019Agricultura, Judith Vidal, ha assistit a la trobada i ha explicat que <em>\u201cja fa m\u00e9s d\u2019un any que els pagesos de la comarca treballen per poder treure profit de l\u2019aigua de l\u2019EDAR de Santa Oliva, amb l\u2019objectiu d\u2019optar a una concessi\u00f3 d\u2019aigua depurada per millorar els conreus llenyosos amb reg de suport. Per aquest motiu, s\u2019ha creat una comunitat de regants per gestionar la concessi\u00f3 i, aquest dimarts, s\u2019ha presentat el projecte entre els interessats\u201d.<\/em><\/p>\n\n\n\n<hr class=\"wp-block-separator has-alpha-channel-opacity\"\/>\n\n\n\n<p><strong>CASTELLANO | <\/strong>Este martes 11 de junio, la sala de actos de la Agr\u00edcola de Cr\u00e8dit d\u2019Albinyana ha acogido la reuni\u00f3n informativa comarcal de la nueva comunidad de regantes, para dar a conocer los movimientos que se han hecho hasta la fecha para la constituci\u00f3n de una comunidad de regantes para el aprovechamiento de las aguas regeneradas de las depuradoras de la comarca. El encuentro ha contado con la presencia de m\u00e1s de un centenar de payeses de todo el Baix Pened\u00e8s, que se han mostrado muy interesados con la iniciativa. La concejala de Agricultura, Judith Vidal, ha asistido al encuentro y ha explicado que <em>\u201cya hace m\u00e1s de un a\u00f1o que los payeses de la comarca trabajan para poder sacar provecho del agua de la EDAR de Santa Oliva, con el objetivo de optar a una concesi\u00f3n de agua depurada para mejorar los conreos le\u00f1osos con riego de apoyo. Por este motivo, se ha creado una comunidad de regantes para gestionar la concesi\u00f3n y, este martes, se ha presentado el proyecto entre los interesados\u201d.<\/em><\/p>\n\n\n\n<p><\/p>\n","protected":false},"excerpt":{"rendered":"<p>Aquest dimarts 11 de juny, la sala d\u2019actes de l\u2019Agr\u00edcola de Cr\u00e8dit d\u2019Albinyana ha acollit la reuni\u00f3 informativa comarcal de la nova comunitat de regants, per donar a con\u00e8ixer els &hellip; <a href=\"https:\/\/bisbalpenedes.com\/web\/2024\/06\/12\/aquest-dimarts-sha-celebrat-la-reunio-informativa-comarcal-de-la-nova-comunitat-de-regants\/\" class=\"more-link\">Read More<\/a><\/p>\n","protected":false},"author":4,"featured_media":30566,"comment_status":"closed","ping_status":"closed","sticky":false,"template":"","format":"standard","meta":[],"categories":[4155,8],"tags":[2209,6688,393,6316,6689,6690],"_links":{"self":[{"href":"https:\/\/bisbalpenedes.com\/web\/wp-json\/wp\/v2\/posts\/30565"}],"collection":[{"href":"https:\/\/bisbalpenedes.com\/web\/wp-json\/wp\/v2\/posts"}],"about":[{"href":"https:\/\/bisbalpenedes.com\/web\/wp-json\/wp\/v2\/types\/post"}],"author":[{"embeddable":true,"href":"https:\/\/bisbalpenedes.com\/web\/wp-json\/wp\/v2\/users\/4"}],"replies":[{"embeddable":true,"href":"https:\/\/bisbalpenedes.com\/web\/wp-json\/wp\/v2\/comments?post=30565"}],"version-history":[{"count":1,"href":"https:\/\/bisbalpenedes.com\/web\/wp-json\/wp\/v2\/posts\/30565\/revisions"}],"predecessor-version":[{"id":30567,"href":"https:\/\/bisbalpenedes.com\/web\/wp-json\/wp\/v2\/posts\/30565\/revisions\/30567"}],"wp:featuredmedia":[{"embeddable":true,"href":"https:\/\/bisbalpenedes.com\/web\/wp-json\/wp\/v2\/media\/30566"}],"wp:attachment":[{"href":"https:\/\/bisbalpenedes.com\/web\/wp-json\/wp\/v2\/media?parent=30565"}],"wp:term":[{"taxonomy":"category","embeddable":true,"href":"https:\/\/bisbalpenedes.com\/web\/wp-json\/wp\/v2\/categories?post=30565"},{"taxonomy":"post_tag","embeddable":true,"href":"https:\/\/bisbalpenedes.com\/web\/wp-json\/wp\/v2\/tags?post=30565"}],"curies":[{"name":"wp","href":"https:\/\/api.w.org\/{rel}","templated":true}]}}