{"id":30550,"date":"2024-06-12T12:33:59","date_gmt":"2024-06-12T10:33:59","guid":{"rendered":"https:\/\/bisbalpenedes.com\/web\/?p=30550"},"modified":"2024-06-12T12:49:08","modified_gmt":"2024-06-12T10:49:08","slug":"la-bisbal-del-penedes-oferira-un-curs-de-polimantenidor-a-despais-publics-per-reduir-labandonament-escolar","status":"publish","type":"post","link":"https:\/\/bisbalpenedes.com\/web\/2024\/06\/12\/la-bisbal-del-penedes-oferira-un-curs-de-polimantenidor-a-despais-publics-per-reduir-labandonament-escolar\/","title":{"rendered":"La Bisbal del Pened\u00e8s oferir\u00e0 un curs de polimantenidor\/a d\u2019espais p\u00fablics per reduir l\u2019abandonament escolar"},"content":{"rendered":"\n<p><strong>Es tracta d\u2019una formaci\u00f3 de 545 hores que inclou un tast de diferents oficis i que est\u00e0 adre\u00e7ada a l&#8217;alumnat que no ha finalitzat l\u2019ESO o que l\u2019ha acabat i no t\u00e9 intenci\u00f3 de continuar estudiant<\/strong><\/p>\n\n\n\n<p>L\u2019octubre de 2024 comen\u00e7ar\u00e0 un curs de polimantenidor\/a d\u2019espais p\u00fablics a la Bisbal del Pened\u00e8s. Aquesta formaci\u00f3, gratu\u00efta per als assistents, busca erradicar l\u2019augment generalitzat de l\u2019abandonament dels estudis per part dels alumnes que no han finalitzat l\u2019ESO o han completat aquests estudis, per\u00f2 tenen intenci\u00f3 de quedar-se a casa un cop acabats. Els estudiants podran fer un tast de diferents oficis fins a l\u2019abril de 2025, amb un total de 545 hores lectives.<\/p>\n\n\n\n<p>Les regidories d\u2019Ocupaci\u00f3 i Ensenyament de l\u2019Ajuntament de la Bisbal del Pened\u00e8s ja fa mesos que treballen amb el Departament de Formaci\u00f3 de la Cambra de Comer\u00e7 de Tarragona amb l\u2019objectiu de buscar accions formatives alternatives d\u2019oficis per poder-les oferir a aquells alumnes que enguany no finalitzin l\u2019ESO o que no hagin mostrat inter\u00e8s a continuar estudiant. Segons l\u2019alcaldessa Agn\u00e8s Ferr\u00e9 <em>\u201caix\u00ed els alumnes podran fer tastos de diferents oficis i, d\u2019aquesta manera, potser es motiven per continuar estudiant o els aconseguim orientar cap a alguna \u00e0rea professional concreta. Des de l\u2019institut ens han transm\u00e8s que veuen molt positiva la iniciativa\u201d.<\/em> Ferr\u00e9 ha explicat que <em>\u201caquesta formaci\u00f3 ser\u00e0 gratu\u00efta per a l\u2019alumnat i no compta amb cap subvenci\u00f3 espec\u00edfica, \u00e9s a dir, que ser\u00e0 l\u2019Ajuntament de la Bisbal del Pened\u00e8s si correr\u00e0 amb les despeses del curs, amb l\u2019objectiu de reduir l\u2019abandonament escolar\u201d.<\/em><\/p>\n\n\n\n<p>En concret, aquesta formaci\u00f3 inclou:<\/p>\n\n\n\n<ul><li>30 hores de prevenci\u00f3 de Riscos Laborals<\/li><li>50 hores d\u2019habilitats Socials i per l\u2019Ocupabilitat<\/li><li>80 hores de pintura industrial<\/li><li>70 hores de soldadura i serralleria<\/li><li>80 hores de fusteria<\/li><li>90 hores d\u2019electricitat i lampisteria<\/li><li>55 hores de jardineria<\/li><li>90 hores de compet\u00e8ncies digitals<\/li><\/ul>\n\n\n\n<p>Al curs, hi poden accedir bisbalencs i bisbalenques d\u2019entre 16 i 29 anys en situaci\u00f3 d\u2019atur. Per a m\u00e9s informaci\u00f3, els alumnes de l\u2019institut Coster de la Torre es poden adre\u00e7ar al mateix centre. Quant a la resta de poblaci\u00f3, aquesta es pot adre\u00e7ar al correu <a href=\"mailto:formacio@cambratgn.org\">formacio@cambratgn.org<\/a> per a m\u00e9s informaci\u00f3 i inscripcions.<\/p>\n\n\n\n<hr class=\"wp-block-separator has-alpha-channel-opacity\"\/>\n\n\n\n<p><strong>Se trata de una formaci\u00f3n de 545 horas que incluye una cata de diferentes oficios y que est\u00e1 dirigida a l&#8217;alumnado que no ha finalizado la ESO o que lo ha acabado y no tiene intenci\u00f3n de continuar estudiando<\/strong><\/p>\n\n\n\n<p>En octubre de 2024 empezar\u00e1 un curso de polimantenidor\/a de espacios p\u00fablicos en la Bisbal del Pened\u00e8s. Esta formaci\u00f3n, gratuita para los asistentes, busca erradicar el aumento generalizado del abandono de los estudios por parte de los alumnos que no han finalizado la ESO o han completado estos estudios, pero tienen intenci\u00f3n de quedarse a casa una vez acabados. Los estudiantes podr\u00e1n hacer una cata de diferentes oficios hasta abril de 2025, con un total de 545 horas lectivas.<\/p>\n\n\n\n<p>Las concejal\u00edas de Ocupaci\u00f3n y Educaci\u00f3n del Ajuntament de la Bisbal del Pened\u00e8s ya hace meses que trabajan con el Departament de Formaci\u00f3 de la Cambra de Comer\u00e7 de Tarragona con el objetivo de buscar acciones formativas alternativas de oficios para poderlas ofrecer a aquellos alumnos que este a\u00f1o no finalicen la ESO o que no hayan mostrado inter\u00e9s a continuar estudiando. Seg\u00fan la alcaldesa Agn\u00e8s Ferr\u00e9 <em>\u201cas\u00ed los alumnos podr\u00e1n hacer catas de diferentes oficios y, de este modo, quiz\u00e1s se motivan para continuar estudiando o los conseguimos orientar hacia alguna \u00e1rea profesional concreta. Desde el instituto nos han transmitido que ven muy positiva la iniciativa\u201d. Ferr\u00e9 ha explicado que \u201cesta formaci\u00f3n ser\u00e1 gratuita para el alumnado y no cuenta con ninguna subvenci\u00f3n espec\u00edfica, es decir, que ser\u00e1 el Ajuntament de la Bisbal del Pened\u00e8s si correr\u00e1 con los gastos del curso, con el objetivo de reducir el abandono escolar\u201d.<\/em><\/p>\n\n\n\n<p>En concreto, esta formaci\u00f3n incluye:<\/p>\n\n\n\n<ul><li>30 horas de prevenci\u00f3n de Riesgos Laborales<\/li><li>50 horas de habilidades Sociales y por la Empleabilidad<\/li><li>80 horas de pintura industrial<\/li><li>70 horas de soldadura y cerrajer\u00eda<\/li><li>80 horas de carpinter\u00eda<\/li><li>90 horas de electricidad y fontaner\u00eda<\/li><li>55 horas de jardiner\u00eda<\/li><li>90 horas de competencias digitales<\/li><\/ul>\n\n\n\n<p>Al curso, pueden acceder bisbalencs y bisbalenques de entre 16 y 29 a\u00f1os en situaci\u00f3n de paro. Para m\u00e1s informaci\u00f3n, los alumnos del instituto Coster de la Torre se pueden dirigir al mismo centro. En cuanto al resto de poblaci\u00f3n, esta se puede dirigir al correo <a href=\"mailto:formacio@cambratgn.org\">formacio@cambratgn.org<\/a> para m\u00e1s informaci\u00f3n e inscripciones.<\/p>\n\n\n\n<figure class=\"wp-block-image size-large\"><img loading=\"lazy\" width=\"724\" height=\"1024\" src=\"https:\/\/bisbalpenedes.com\/web\/wp-content\/uploads\/2024\/06\/Polimantenidor_1_Pa\u0301gina_1-724x1024.jpg\" alt=\"\" class=\"wp-image-30554\" srcset=\"https:\/\/bisbalpenedes.com\/web\/wp-content\/uploads\/2024\/06\/Polimantenidor_1_Pa\u0301gina_1-724x1024.jpg 724w, https:\/\/bisbalpenedes.com\/web\/wp-content\/uploads\/2024\/06\/Polimantenidor_1_Pa\u0301gina_1-212x300.jpg 212w, https:\/\/bisbalpenedes.com\/web\/wp-content\/uploads\/2024\/06\/Polimantenidor_1_Pa\u0301gina_1-768x1086.jpg 768w, https:\/\/bisbalpenedes.com\/web\/wp-content\/uploads\/2024\/06\/Polimantenidor_1_Pa\u0301gina_1-1086x1536.jpg 1086w, https:\/\/bisbalpenedes.com\/web\/wp-content\/uploads\/2024\/06\/Polimantenidor_1_Pa\u0301gina_1-1448x2048.jpg 1448w, https:\/\/bisbalpenedes.com\/web\/wp-content\/uploads\/2024\/06\/Polimantenidor_1_Pa\u0301gina_1-600x849.jpg 600w, https:\/\/bisbalpenedes.com\/web\/wp-content\/uploads\/2024\/06\/Polimantenidor_1_Pa\u0301gina_1-scaled.jpg 1810w\" sizes=\"(max-width: 724px) 100vw, 724px\" \/><\/figure>\n\n\n\n<figure class=\"wp-block-image size-large\"><img loading=\"lazy\" width=\"724\" height=\"1024\" src=\"https:\/\/bisbalpenedes.com\/web\/wp-content\/uploads\/2024\/06\/Polimantenidor_1_Pa\u0301gina_2-1-724x1024.jpg\" alt=\"\" class=\"wp-image-30557\" srcset=\"https:\/\/bisbalpenedes.com\/web\/wp-content\/uploads\/2024\/06\/Polimantenidor_1_Pa\u0301gina_2-1-724x1024.jpg 724w, https:\/\/bisbalpenedes.com\/web\/wp-content\/uploads\/2024\/06\/Polimantenidor_1_Pa\u0301gina_2-1-212x300.jpg 212w, https:\/\/bisbalpenedes.com\/web\/wp-content\/uploads\/2024\/06\/Polimantenidor_1_Pa\u0301gina_2-1-768x1086.jpg 768w, https:\/\/bisbalpenedes.com\/web\/wp-content\/uploads\/2024\/06\/Polimantenidor_1_Pa\u0301gina_2-1-1086x1536.jpg 1086w, https:\/\/bisbalpenedes.com\/web\/wp-content\/uploads\/2024\/06\/Polimantenidor_1_Pa\u0301gina_2-1-1448x2048.jpg 1448w, https:\/\/bisbalpenedes.com\/web\/wp-content\/uploads\/2024\/06\/Polimantenidor_1_Pa\u0301gina_2-1-600x848.jpg 600w, https:\/\/bisbalpenedes.com\/web\/wp-content\/uploads\/2024\/06\/Polimantenidor_1_Pa\u0301gina_2-1.jpg 1655w\" sizes=\"(max-width: 724px) 100vw, 724px\" \/><\/figure>\n","protected":false},"excerpt":{"rendered":"<p>Es tracta d\u2019una formaci\u00f3 de 545 hores que inclou un tast de diferents oficis i que est\u00e0 adre\u00e7ada a l&#8217;alumnat que no ha finalitzat l\u2019ESO o que l\u2019ha acabat i &hellip; <a href=\"https:\/\/bisbalpenedes.com\/web\/2024\/06\/12\/la-bisbal-del-penedes-oferira-un-curs-de-polimantenidor-a-despais-publics-per-reduir-labandonament-escolar\/\" class=\"more-link\">Read More<\/a><\/p>\n","protected":false},"author":4,"featured_media":30552,"comment_status":"closed","ping_status":"closed","sticky":false,"template":"","format":"standard","meta":[],"categories":[3456,8],"tags":[459,6683,6684,862,1475,393,6685],"_links":{"self":[{"href":"https:\/\/bisbalpenedes.com\/web\/wp-json\/wp\/v2\/posts\/30550"}],"collection":[{"href":"https:\/\/bisbalpenedes.com\/web\/wp-json\/wp\/v2\/posts"}],"about":[{"href":"https:\/\/bisbalpenedes.com\/web\/wp-json\/wp\/v2\/types\/post"}],"author":[{"embeddable":true,"href":"https:\/\/bisbalpenedes.com\/web\/wp-json\/wp\/v2\/users\/4"}],"replies":[{"embeddable":true,"href":"https:\/\/bisbalpenedes.com\/web\/wp-json\/wp\/v2\/comments?post=30550"}],"version-history":[{"count":4,"href":"https:\/\/bisbalpenedes.com\/web\/wp-json\/wp\/v2\/posts\/30550\/revisions"}],"predecessor-version":[{"id":30558,"href":"https:\/\/bisbalpenedes.com\/web\/wp-json\/wp\/v2\/posts\/30550\/revisions\/30558"}],"wp:featuredmedia":[{"embeddable":true,"href":"https:\/\/bisbalpenedes.com\/web\/wp-json\/wp\/v2\/media\/30552"}],"wp:attachment":[{"href":"https:\/\/bisbalpenedes.com\/web\/wp-json\/wp\/v2\/media?parent=30550"}],"wp:term":[{"taxonomy":"category","embeddable":true,"href":"https:\/\/bisbalpenedes.com\/web\/wp-json\/wp\/v2\/categories?post=30550"},{"taxonomy":"post_tag","embeddable":true,"href":"https:\/\/bisbalpenedes.com\/web\/wp-json\/wp\/v2\/tags?post=30550"}],"curies":[{"name":"wp","href":"https:\/\/api.w.org\/{rel}","templated":true}]}}