{"id":30544,"date":"2024-06-11T15:16:05","date_gmt":"2024-06-11T13:16:05","guid":{"rendered":"https:\/\/bisbalpenedes.com\/web\/?p=30544"},"modified":"2024-06-11T15:22:37","modified_gmt":"2024-06-11T13:22:37","slug":"el-dissabte-22-de-juny-podreu-veure-la-pellicula-nominada-als-oscar-robot-dreams-al-cmc-en-el-marc-del-cicle-gaudi-de-cinema-catala","status":"publish","type":"post","link":"https:\/\/bisbalpenedes.com\/web\/2024\/06\/11\/el-dissabte-22-de-juny-podreu-veure-la-pellicula-nominada-als-oscar-robot-dreams-al-cmc-en-el-marc-del-cicle-gaudi-de-cinema-catala\/","title":{"rendered":"El dissabte 22 de juny podreu veure la pel\u00b7l\u00edcula nominada als OSCAR &#8220;Robot Dreams&#8221; al CMC en el marc del Cicle Gaud\u00ed de Cinema Catal\u00e0"},"content":{"rendered":"\n<p>El dissabte 22 de juny, a les 19h, l\u2019Auditori Salb\u00e0 del CMC acollir\u00e0 la projecci\u00f3 del film &#8220;Robot Dreams\u201d del Cicle Gaud\u00ed, dirigida per Pablo Berger.<\/p>\n\n\n\n<p><strong>SINOPSI<\/strong><br>DOG \u00e9s un gos solitari que viu a Manhattan. Un dia decideix construir-se un robot, un amic. La seva amistat creix, fins a fer-se inseparables, al ritme del Nova York dels vuitanta. Una nit d\u2019estiu, Dog amb gran pena, es veu obligat a abandonar ROBOT a la platja. Es tornaran a trobar?<\/p>\n\n\n\n<h4 id=\"brxe-txgkce\">FITXA T\u00c8CNICA<\/h4>\n\n\n\n<p><strong><span style=\"text-decoration: underline;\">Direcci\u00f3:<\/span>\u00a0<\/strong>Pablo Berger<\/p>\n\n\n\n<p><strong><span style=\"text-decoration: underline;\">Gui\u00f3<\/span>:\u00a0<\/strong>Pablo Berger<\/p>\n\n\n\n<p><strong><span style=\"text-decoration: underline;\">Productora:<\/span>\u00a0<\/strong>Arcadia Motion Pictures, Lokiz Films AIE, Noodles Production, Les Films du Worso<\/p>\n\n\n\n<p><strong><span style=\"text-decoration: underline;\">Estrena:<\/span>\u00a0<\/strong>12 de novembre de 2023<\/p>\n\n\n\n<p><strong><span style=\"text-decoration: underline;\">Durada:\u00a0<\/span><\/strong>102 min.<\/p>\n\n\n\n<p><strong><span style=\"text-decoration: underline;\">G\u00e8nere:<\/span>\u00a0<\/strong>Animaci\u00f3<\/p>\n\n\n\n<p><strong><span style=\"text-decoration: underline;\">Qualificaci\u00f3<\/span>:\u00a0<\/strong>Apta per a tots els p\u00fablics<\/p>\n\n\n\n<p><strong><span style=\"text-decoration: underline;\">Versi\u00f3<\/span>:\u00a0<\/strong>Sense di\u00e0legs<\/p>\n\n\n\n<p><strong><span style=\"text-decoration: underline;\">Int\u00e8rprets:<\/span><br><\/strong>Iv\u00e1n Labanda, Jos\u00e9 Garc\u00eda Tos, Rafa Calvo, Tito Trifol<br><br>Com \u00e9s habitual, el preu de l\u2019entrada ser\u00e0 de 4,5\u20ac (general) i 3\u20ac per als espectadors que presentin el carnet de la Biblioteca p\u00fablica de la Bisbal del Pened\u00e8s. Els beneficis es destinaran a l\u2019entitat que gestioni la taquilla abans de la projecci\u00f3, en aquest cas els Geganters i Grallers de la Societat.<\/p>\n\n\n\n<figure class=\"wp-block-embed is-type-rich is-provider-gestor-del-servei wp-block-embed-gestor-del-servei wp-embed-aspect-16-9 wp-has-aspect-ratio\"><div class=\"wp-block-embed__wrapper\">\n<iframe loading=\"lazy\" title=\"Cicle Gaud\u00ed: &quot;Robot Dreams&quot;\" width=\"1170\" height=\"658\" src=\"https:\/\/www.youtube.com\/embed\/zGysGyllgsY?feature=oembed\" frameborder=\"0\" allow=\"accelerometer; autoplay; clipboard-write; encrypted-media; gyroscope; picture-in-picture; web-share\" referrerpolicy=\"strict-origin-when-cross-origin\" allowfullscreen><\/iframe>\n<\/div><\/figure>\n\n\n\n<hr class=\"wp-block-separator has-alpha-channel-opacity\"\/>\n\n\n\n<p><strong>CASTELLANO |<\/strong> El s\u00e1bado 22 de junio, a las 19h, el Auditorio Salb\u00e0 del CMC acoger\u00e1 la proyecci\u00f3n del film \u201cRobot Dreams\u201d del Cicle Gaud\u00ed, dirigida por Pablo Berger.<\/p>\n\n\n\n<p><strong>SINOPSIS<\/strong><\/p>\n\n\n\n<p>DOG es un perro solitario que vive en Manhattan. Un d\u00eda decide construirse un robot, un amigo. Su amistad crece, hasta hacerse inseparables, al ritmo de Nueva York de los ochenta. Una noche de verano, Dog con gran pena, se ve obligado a abandonar ROBOT en la playa. \u00bfSe volver\u00e1n a encontrar?<\/p>\n\n\n\n<p><strong>FICHA T\u00c9CNICA<\/strong><\/p>\n\n\n\n<p><span style=\"text-decoration: underline;\"><strong>Direcci\u00f3n<\/strong>:<\/span> Pablo Berger<\/p>\n\n\n\n<p><span style=\"text-decoration: underline;\"><strong>Gui\u00f3n:<\/strong><\/span> Pablo Berger<\/p>\n\n\n\n<p><strong><span style=\"text-decoration: underline;\">Productora<\/span>:<\/strong> Arcadia Motion Pictures, Lokiz Films AIE, Noodles Production, Les Films de Worso<\/p>\n\n\n\n<p><strong><span style=\"text-decoration: underline;\">Estrena<\/span>:<\/strong> 12 de noviembre de 2023<\/p>\n\n\n\n<p><span style=\"text-decoration: underline;\"><strong>Duraci\u00f3n:<\/strong><\/span> 102 min.<\/p>\n\n\n\n<p><strong><span style=\"text-decoration: underline;\">G\u00e9nero:<\/span><\/strong> Animaci\u00f3n<\/p>\n\n\n\n<p><strong><span style=\"text-decoration: underline;\">Calificaci\u00f3n<\/span>:<\/strong> Apta para todos los p\u00fablicos<\/p>\n\n\n\n<p><span style=\"text-decoration: underline;\"><strong>Versi\u00f3n:<\/strong> <\/span>Sin di\u00e1logos<\/p>\n\n\n\n<p><span style=\"text-decoration: underline;\"><strong>Int\u00e9rpretes<\/strong><\/span>: Iv\u00e1n Labanda, Jos\u00e9 Garc\u00eda Tos, Rafa Calvo, Tito Trifol<\/p>\n\n\n\n<p>Como es habitual, el precio de la entrada ser\u00e1 de 4,5\u20ac (general) y 3\u20ac para los espectadores que presenten el carn\u00e9 de la Biblioteca p\u00fablica de la Bisbal del Pened\u00e8s. Los beneficios se destinar\u00e1n a la entidad que gestione la taquilla antes de la proyecci\u00f3n, en esta caso los Geganters i Grallers de la Societat.<\/p>\n","protected":false},"excerpt":{"rendered":"<p>El dissabte 22 de juny, a les 19h, l\u2019Auditori Salb\u00e0 del CMC acollir\u00e0 la projecci\u00f3 del film &#8220;Robot Dreams\u201d del Cicle Gaud\u00ed, dirigida per Pablo Berger. SINOPSIDOG \u00e9s un gos &hellip; <a href=\"https:\/\/bisbalpenedes.com\/web\/2024\/06\/11\/el-dissabte-22-de-juny-podreu-veure-la-pellicula-nominada-als-oscar-robot-dreams-al-cmc-en-el-marc-del-cicle-gaudi-de-cinema-catala\/\" class=\"more-link\">Read More<\/a><\/p>\n","protected":false},"author":4,"featured_media":30546,"comment_status":"closed","ping_status":"closed","sticky":false,"template":"","format":"standard","meta":[],"categories":[2942,13,8],"tags":[459,308,813,307,226,393,1374,6682],"_links":{"self":[{"href":"https:\/\/bisbalpenedes.com\/web\/wp-json\/wp\/v2\/posts\/30544"}],"collection":[{"href":"https:\/\/bisbalpenedes.com\/web\/wp-json\/wp\/v2\/posts"}],"about":[{"href":"https:\/\/bisbalpenedes.com\/web\/wp-json\/wp\/v2\/types\/post"}],"author":[{"embeddable":true,"href":"https:\/\/bisbalpenedes.com\/web\/wp-json\/wp\/v2\/users\/4"}],"replies":[{"embeddable":true,"href":"https:\/\/bisbalpenedes.com\/web\/wp-json\/wp\/v2\/comments?post=30544"}],"version-history":[{"count":2,"href":"https:\/\/bisbalpenedes.com\/web\/wp-json\/wp\/v2\/posts\/30544\/revisions"}],"predecessor-version":[{"id":30548,"href":"https:\/\/bisbalpenedes.com\/web\/wp-json\/wp\/v2\/posts\/30544\/revisions\/30548"}],"wp:featuredmedia":[{"embeddable":true,"href":"https:\/\/bisbalpenedes.com\/web\/wp-json\/wp\/v2\/media\/30546"}],"wp:attachment":[{"href":"https:\/\/bisbalpenedes.com\/web\/wp-json\/wp\/v2\/media?parent=30544"}],"wp:term":[{"taxonomy":"category","embeddable":true,"href":"https:\/\/bisbalpenedes.com\/web\/wp-json\/wp\/v2\/categories?post=30544"},{"taxonomy":"post_tag","embeddable":true,"href":"https:\/\/bisbalpenedes.com\/web\/wp-json\/wp\/v2\/tags?post=30544"}],"curies":[{"name":"wp","href":"https:\/\/api.w.org\/{rel}","templated":true}]}}