{"id":3053,"date":"2017-08-27T18:27:54","date_gmt":"2017-08-27T12:27:54","guid":{"rendered":"http:\/\/bisbalpenedes.com\/web\/?p=3053"},"modified":"2017-08-27T18:31:03","modified_gmt":"2017-08-27T12:31:03","slug":"el-cicle-gaudi-de-cinema-torna-a-la-bisbal-aquesta-tardor","status":"publish","type":"post","link":"https:\/\/bisbalpenedes.com\/web\/2017\/08\/27\/el-cicle-gaudi-de-cinema-torna-a-la-bisbal-aquesta-tardor\/","title":{"rendered":"El Cicle Gaud\u00ed de cinema torna a La Bisbal aquesta tardor"},"content":{"rendered":"<p>La Regidoria de Cultura \u00a0de l&#8217;Ajuntament de La Bisbal seguir\u00e0 programant pel\u00b7l\u00edcules del Cicle Gaud\u00ed durant la propera tardor. Aquest cicle va comen\u00e7ar-se a oferir a La Bisbal durant la passada primavera i va tenir for\u00e7a \u00e8xit.<\/p>\n<p>Ara, a la tardor, podreu seguir gaudint del cinema a la Sala Salb\u00e0 del CMC cada darrer diumenge dels darrers quatre mesos de l&#8217;any. Les pel\u00b7l\u00edcules previstes s\u00f3n les seg\u00fcents:<\/p>\n<p style=\"padding-left: 30px;\">24 de setembre: \u201cIncerta Gl\u00f2ria\u201d, un drama hist\u00f2ric del director Agust\u00ed Villaronga<\/p>\n<p style=\"padding-left: 30px;\">29 d\u2019octubre: \u201cEstiu 1993\u201d, una com\u00e8dia dram\u00e0tica de la directora Carla Sim\u00f3n<\/p>\n<p style=\"padding-left: 30px;\">26 de novembre: \u201cBrava\u201d, un drama de la directora Roser Aguilar<\/p>\n<p style=\"padding-left: 30px;\">17 de desembre: pel\u00b7l\u00edcula a determinar<\/p>\n<p>Com a la primavera, el preu general de l&#8217;entrada ser\u00e0 de 4,5\u20ac i un preu redu\u00eft de 3\u20ac presentant el carnet de la Biblioteca Municipal de La Bisbal.<\/p>\n<p>Quant a la recaptaci\u00f3, aquesta es destinar\u00e0 a l&#8217;entitat del poble que s&#8217;encarregui de gestionar la taquilla en cadascuna de les projeccions. Cinc entitats han presentat sol\u00b7licitud per gestionar-la i, en els propers dies, es far\u00e0 un sorteig per determinar quines entitats s&#8217;encarregaran de la taquilla (n&#8217;han de quedar quatre de cinc) i quin dia li correspondr\u00e0 a cadascuna.<\/p>\n<p>&nbsp;<\/p>\n<p>&nbsp;<\/p>\n","protected":false},"excerpt":{"rendered":"<p>La Regidoria de Cultura \u00a0de l&#8217;Ajuntament de La Bisbal seguir\u00e0 programant pel\u00b7l\u00edcules del Cicle Gaud\u00ed durant la propera tardor. Aquest cicle va comen\u00e7ar-se a oferir a La Bisbal durant la &hellip; <a href=\"https:\/\/bisbalpenedes.com\/web\/2017\/08\/27\/el-cicle-gaudi-de-cinema-torna-a-la-bisbal-aquesta-tardor\/\" class=\"more-link\">Read More<\/a><\/p>\n","protected":false},"author":4,"featured_media":2247,"comment_status":"closed","ping_status":"closed","sticky":false,"template":"","format":"standard","meta":[],"categories":[13],"tags":[758,755,756,759,753,308,761,226,225,757,752,311,754,760],"_links":{"self":[{"href":"https:\/\/bisbalpenedes.com\/web\/wp-json\/wp\/v2\/posts\/3053"}],"collection":[{"href":"https:\/\/bisbalpenedes.com\/web\/wp-json\/wp\/v2\/posts"}],"about":[{"href":"https:\/\/bisbalpenedes.com\/web\/wp-json\/wp\/v2\/types\/post"}],"author":[{"embeddable":true,"href":"https:\/\/bisbalpenedes.com\/web\/wp-json\/wp\/v2\/users\/4"}],"replies":[{"embeddable":true,"href":"https:\/\/bisbalpenedes.com\/web\/wp-json\/wp\/v2\/comments?post=3053"}],"version-history":[{"count":6,"href":"https:\/\/bisbalpenedes.com\/web\/wp-json\/wp\/v2\/posts\/3053\/revisions"}],"predecessor-version":[{"id":3064,"href":"https:\/\/bisbalpenedes.com\/web\/wp-json\/wp\/v2\/posts\/3053\/revisions\/3064"}],"wp:featuredmedia":[{"embeddable":true,"href":"https:\/\/bisbalpenedes.com\/web\/wp-json\/wp\/v2\/media\/2247"}],"wp:attachment":[{"href":"https:\/\/bisbalpenedes.com\/web\/wp-json\/wp\/v2\/media?parent=3053"}],"wp:term":[{"taxonomy":"category","embeddable":true,"href":"https:\/\/bisbalpenedes.com\/web\/wp-json\/wp\/v2\/categories?post=3053"},{"taxonomy":"post_tag","embeddable":true,"href":"https:\/\/bisbalpenedes.com\/web\/wp-json\/wp\/v2\/tags?post=3053"}],"curies":[{"name":"wp","href":"https:\/\/api.w.org\/{rel}","templated":true}]}}