{"id":30512,"date":"2024-06-10T14:32:59","date_gmt":"2024-06-10T12:32:59","guid":{"rendered":"https:\/\/bisbalpenedes.com\/web\/?p=30512"},"modified":"2024-06-10T14:44:07","modified_gmt":"2024-06-10T12:44:07","slug":"acces-priorat-pla-territorial-del-penedes","status":"publish","type":"post","link":"https:\/\/bisbalpenedes.com\/web\/2024\/06\/10\/acces-priorat-pla-territorial-del-penedes\/","title":{"rendered":"L\u2019Ajuntament de la Bisbal del Pened\u00e8s suggereix un nou acc\u00e9s per tr\u00e0nsit rodat a la urbanitzaci\u00f3 del Priorat per a l\u2019avantprojecte del Pla territorial del Pened\u00e8s"},"content":{"rendered":"\n<p>El passat dijous 6 de juny, l\u2019alcaldessa Agn\u00e8s Ferr\u00e9 va signar un decret per formular al\u00b7legacions en relaci\u00f3 amb <a href=\"https:\/\/territori.gencat.cat\/ca\/06_territori_i_urbanisme\/ordenacio_del_territori\/plans_territorals\/plans_territorials_parcials\/ptp_penedes\/\">l\u2019Avantprojecte del Pla Territorial del Pened\u00e8s<\/a>. Concretament, l\u2019Ajuntament de la Bisbal del Pened\u00e8s presenta el suggeriment de crear un nou vial d\u2019acc\u00e9s al Priorat de la Bisbal, sense necessitat de travessar el nucli. D\u2019aquesta manera, el Priorat disposaria de dos accessos d\u2019entrada i sortida, molt necessaris per descongestionar el gran volum de vehicles rodats que, en l\u2019actualitat, disposen d\u2019un \u00fanic acc\u00e9s per entrar i sortir del barri.<\/p>\n\n\n\n<p>El passat 29 de gener de 2024, la Consellera de Territori va acordar l\u2019inici del proc\u00e9s de participaci\u00f3 de l\u2019Avantprojecte del Pla Territorial parcial del Pened\u00e8s i ha estat en exposici\u00f3 p\u00fablica. El desenvolupament del proc\u00e9s participatiu de l\u2019avantprojecte va finalitzar el passat 7 de maig de 2024 i es va organitzar en 4 eixos de treball:<\/p>\n\n\n\n<ul><li>Els espais oberts<\/li><li>Els assentaments residencials<\/li><li>El model econ\u00f2mic i productiu<\/li><li>Les infraestructures<\/li><\/ul>\n\n\n\n<p>Est\u00e0 previst que el document definitiu del Pla Territorial Parcial del Pened\u00e8s s\u2019aprovi inicialment l\u2019octubre de 2024 i, de forma definitiva, a l\u2019inici del pr\u00f2xim any 2025.<\/p>\n\n\n\n<hr class=\"wp-block-separator has-alpha-channel-opacity\"\/>\n\n\n\n<p><strong>CASTELLANO |<\/strong>&nbsp;El pasado jueves 6 de junio, la alcaldesa Agn\u00e8s Ferr\u00e9 firm\u00f3 un decreto para formular alegaciones en relaci\u00f3n con el Avantprojecte del Pla Territorial del Pened\u00e8s. Concretamente, el Ajuntament de la Bisbal del Pened\u00e8s presenta la sugerencia de crear un nuevo vial de acceso en el Priorat de la Bisbal, sin necesidad de atravesar el n\u00facleo. De esta manera, el Priorat dispondr\u00eda de dos accesos de entrada y salida, muy necesarios para descongestionar&nbsp; el gran volumen de veh\u00edculos rodados que, en la actualidad, disponen de un \u00fanico acceso para entrar y salir del barrio.<\/p>\n\n\n\n<p>El pasado 29 de enero de 2024, la Consellera de Territori acord\u00f3 el inicio del proyecto de participaci\u00f3n del Avantprojecte del Pla Territorial parcial del Pened\u00e8s ya ha estado en exposici\u00f3n p\u00fablica. El desarrollo del proceso participativo del anteproyecto finaliz\u00f3 el pasado 7 de mayo de 2024 y se organiz\u00f3 en 4 ejes de trabajo:<\/p>\n\n\n\n<ul><li>Espacios abiertos<\/li><li>Los asentamientos residenciales<\/li><li>El modelo econ\u00f3mico y productivo<\/li><li>Las infraestructuras<\/li><\/ul>\n\n\n\n<p>Est\u00e1 previsto que el documento definitivo del Pla Territorial Parcial del Pened\u00e8s se apruebe inicialmente en octubre de 2024 y, de forma definitiva, al principio del pr\u00f3ximo a\u00f1o 2025.<\/p>\n","protected":false},"excerpt":{"rendered":"<p>El passat dijous 6 de juny, l\u2019alcaldessa Agn\u00e8s Ferr\u00e9 va signar un decret per formular al\u00b7legacions en relaci\u00f3 amb l\u2019Avantprojecte del Pla Territorial del Pened\u00e8s. Concretament, l\u2019Ajuntament de la Bisbal &hellip; <a href=\"https:\/\/bisbalpenedes.com\/web\/2024\/06\/10\/acces-priorat-pla-territorial-del-penedes\/\" class=\"more-link\">Read More<\/a><\/p>\n","protected":false},"author":4,"featured_media":30513,"comment_status":"closed","ping_status":"closed","sticky":false,"template":"","format":"standard","meta":[],"categories":[2057,8],"tags":[459,393,1374,6679],"_links":{"self":[{"href":"https:\/\/bisbalpenedes.com\/web\/wp-json\/wp\/v2\/posts\/30512"}],"collection":[{"href":"https:\/\/bisbalpenedes.com\/web\/wp-json\/wp\/v2\/posts"}],"about":[{"href":"https:\/\/bisbalpenedes.com\/web\/wp-json\/wp\/v2\/types\/post"}],"author":[{"embeddable":true,"href":"https:\/\/bisbalpenedes.com\/web\/wp-json\/wp\/v2\/users\/4"}],"replies":[{"embeddable":true,"href":"https:\/\/bisbalpenedes.com\/web\/wp-json\/wp\/v2\/comments?post=30512"}],"version-history":[{"count":2,"href":"https:\/\/bisbalpenedes.com\/web\/wp-json\/wp\/v2\/posts\/30512\/revisions"}],"predecessor-version":[{"id":30522,"href":"https:\/\/bisbalpenedes.com\/web\/wp-json\/wp\/v2\/posts\/30512\/revisions\/30522"}],"wp:featuredmedia":[{"embeddable":true,"href":"https:\/\/bisbalpenedes.com\/web\/wp-json\/wp\/v2\/media\/30513"}],"wp:attachment":[{"href":"https:\/\/bisbalpenedes.com\/web\/wp-json\/wp\/v2\/media?parent=30512"}],"wp:term":[{"taxonomy":"category","embeddable":true,"href":"https:\/\/bisbalpenedes.com\/web\/wp-json\/wp\/v2\/categories?post=30512"},{"taxonomy":"post_tag","embeddable":true,"href":"https:\/\/bisbalpenedes.com\/web\/wp-json\/wp\/v2\/tags?post=30512"}],"curies":[{"name":"wp","href":"https:\/\/api.w.org\/{rel}","templated":true}]}}