{"id":30502,"date":"2024-06-07T10:52:42","date_gmt":"2024-06-07T08:52:42","guid":{"rendered":"https:\/\/bisbalpenedes.com\/web\/?p=30502"},"modified":"2024-06-07T10:55:21","modified_gmt":"2024-06-07T08:55:21","slug":"la-junta-de-govern-local-del-dilluns-10-de-juny-conte-una-segona-proposta-amb-competencia-delegada-del-ple","status":"publish","type":"post","link":"https:\/\/bisbalpenedes.com\/web\/2024\/06\/07\/la-junta-de-govern-local-del-dilluns-10-de-juny-conte-una-segona-proposta-amb-competencia-delegada-del-ple\/","title":{"rendered":"La Junta de Govern local del dilluns 10 de juny cont\u00e9 una segona proposta amb compet\u00e8ncia delegada del Ple"},"content":{"rendered":"\n<p>Ahir dimecres 5 de juny es va convocar la Junta de Govern ordin\u00e0ria per al dilluns 10 de juny. L\u2019ordre del dia contenia una proposta amb compet\u00e8ncia delegada del Ple (Expedient 2944\/2023 Certificaci\u00f3 de la Fassina), segons l\u2019acord plenari del 6 de juliol de 2023. Ara s&#8217;hi ha afegit una segona proposta. \u00c9s la seg\u00fcent:<\/p>\n\n\n\n<ul><li>El subministrament i manteniment de DEA als locals socials i al Pavell\u00f3 Esportiu Municipal, a trav\u00e9s de l&#8217;ACM<\/li><\/ul>\n\n\n\n<p>Les sessions de la Junta de Govern local no s\u00f3n p\u00fabliques, per\u00f2 quan actua en compet\u00e8ncies delegades del Ple, la sessi\u00f3 se sotmet als mateixos requisits de publicitat que les sessions del Ple, que s\u00ed que s\u00f3n p\u00fabliques. Aix\u00ed ho va declarar la STS 161\/2013, de 26 de setembre i, per aquest motiu, a les 10:15h s\u2019obriran les portes de la sala de plens perqu\u00e8 hi pugui accedir p\u00fablic. A m\u00e9s, aquest punt es gravar\u00e0 i posteriorment publicarem el v\u00eddeo per garantir la seva publicitat. Val a dir que l\u2019alcaldessa Agn\u00e8s Ferr\u00e9 ha fet arribar la informaci\u00f3 pertinent sobre la proposta als regidors de l\u2019oposici\u00f3.<\/p>\n\n\n\n<hr class=\"wp-block-separator has-alpha-channel-opacity\"\/>\n\n\n\n<p><strong>CASTELLANO |<\/strong>&nbsp;Ayer mi\u00e9rcoles 5 de junio se convoc\u00f3 la Junta de Gobierno ordinaria para el lunes 10 de junio. El orden del d\u00eda conten\u00eda una propuesta con competencia delegada del Pleno (Expediente 2944\/2023 Certificaci\u00f3n de la Fassina), seg\u00fan el acuerdo plenario del 6 de julio de 2023. Ahora, se ha a\u00f1adido una segunda propuesta. Es la siguiente:<\/p>\n\n\n\n<ul><li>El suministro y mantenimiento de DEA en los locales sociales y en el Pavell\u00f3 Esportiu Municipal, a trav\u00e9s de la ACM<\/li><\/ul>\n\n\n\n<p>Las sesiones de la Junta de Gobierno local no son p\u00fablicas, pero cuando act\u00faa en competencias delegadas del Pleno, la sesi\u00f3n se somete a los mismos requisitos de publicidad que las sesiones del Pleno, que s\u00ed que son p\u00fablicas. As\u00ed lo declar\u00f3 la STS 161\/2013, de 26 de septiembre y, por este motivo, a las 10:15h, se abrir\u00e1n las puertas de la sala de plenos para que pueda acceder p\u00fablico. Adem\u00e1s, este punto se grabar\u00e1 y posteriormente publicaremos el v\u00eddeo para garantizar su publicidad. Cabe decir que la alcaldesa Agn\u00e8s Ferr\u00e9 ha hecho llegar la informaci\u00f3n pertinente sobre la propuesta a los concejales de la oposici\u00f3n.<\/p>\n","protected":false},"excerpt":{"rendered":"<p>Ahir dimecres 5 de juny es va convocar la Junta de Govern ordin\u00e0ria per al dilluns 10 de juny. L\u2019ordre del dia contenia una proposta amb compet\u00e8ncia delegada del Ple &hellip; <a href=\"https:\/\/bisbalpenedes.com\/web\/2024\/06\/07\/la-junta-de-govern-local-del-dilluns-10-de-juny-conte-una-segona-proposta-amb-competencia-delegada-del-ple\/\" class=\"more-link\">Read More<\/a><\/p>\n","protected":false},"author":4,"featured_media":30504,"comment_status":"closed","ping_status":"closed","sticky":false,"template":"","format":"standard","meta":[],"categories":[3085,8],"tags":[686,393,139],"_links":{"self":[{"href":"https:\/\/bisbalpenedes.com\/web\/wp-json\/wp\/v2\/posts\/30502"}],"collection":[{"href":"https:\/\/bisbalpenedes.com\/web\/wp-json\/wp\/v2\/posts"}],"about":[{"href":"https:\/\/bisbalpenedes.com\/web\/wp-json\/wp\/v2\/types\/post"}],"author":[{"embeddable":true,"href":"https:\/\/bisbalpenedes.com\/web\/wp-json\/wp\/v2\/users\/4"}],"replies":[{"embeddable":true,"href":"https:\/\/bisbalpenedes.com\/web\/wp-json\/wp\/v2\/comments?post=30502"}],"version-history":[{"count":2,"href":"https:\/\/bisbalpenedes.com\/web\/wp-json\/wp\/v2\/posts\/30502\/revisions"}],"predecessor-version":[{"id":30505,"href":"https:\/\/bisbalpenedes.com\/web\/wp-json\/wp\/v2\/posts\/30502\/revisions\/30505"}],"wp:featuredmedia":[{"embeddable":true,"href":"https:\/\/bisbalpenedes.com\/web\/wp-json\/wp\/v2\/media\/30504"}],"wp:attachment":[{"href":"https:\/\/bisbalpenedes.com\/web\/wp-json\/wp\/v2\/media?parent=30502"}],"wp:term":[{"taxonomy":"category","embeddable":true,"href":"https:\/\/bisbalpenedes.com\/web\/wp-json\/wp\/v2\/categories?post=30502"},{"taxonomy":"post_tag","embeddable":true,"href":"https:\/\/bisbalpenedes.com\/web\/wp-json\/wp\/v2\/tags?post=30502"}],"curies":[{"name":"wp","href":"https:\/\/api.w.org\/{rel}","templated":true}]}}