{"id":3048,"date":"2017-08-24T23:26:58","date_gmt":"2017-08-24T17:26:58","guid":{"rendered":"http:\/\/bisbalpenedes.com\/web\/?p=3048"},"modified":"2017-08-24T23:28:22","modified_gmt":"2017-08-24T17:28:22","slug":"lajuntament-iniciara-el-proces-per-redactar-la-relacio-de-llocs-de-treball-de-lajuntament-durant-aquest-any-2017","status":"publish","type":"post","link":"https:\/\/bisbalpenedes.com\/web\/2017\/08\/24\/lajuntament-iniciara-el-proces-per-redactar-la-relacio-de-llocs-de-treball-de-lajuntament-durant-aquest-any-2017\/","title":{"rendered":"L\u2019Ajuntament iniciar\u00e0 el proc\u00e9s per redactar la Relaci\u00f3 de Llocs de Treball durant aquest any 2017"},"content":{"rendered":"<p>El passat 20 de juliol la Junta de Govern Local va aprovar un contracte menor pel servei d\u2019assessorament i elaboraci\u00f3 de la relaci\u00f3 de llocs de treball (RLT) amb l\u2019empresa Manubens Associats.<\/p>\n<p>Despr\u00e9s de l\u2019auditoria laboral que va contractar l\u2019Ajuntament l\u2019any 2015, ara \u00e9s moment de fer el seg\u00fcent pas, fer la RLT.<\/p>\n<p>En l\u2019actualitat l\u2019Ajuntament de La Bisbal del Pened\u00e8s no compta amb cap instrument que li permeti ordenar els llocs de treball segons la normativa actual de la Llei de l\u2019Estatut B\u00e0sic de l\u2019Empleat P\u00fablic i el Reglament del Personal al Servei de les Entitats Locals de Catalunya. \u00c9s per aix\u00f2 que l\u2019Ajuntament ha engegat aquest proc\u00e9s que consistir\u00e0 a:<\/p>\n<p>-Informar dels diferents llocs de treball existents en l\u2019organigrama de l\u2019Ajuntament, tant els ocupats per funcionaris com per personal laboral o eventual.<\/p>\n<p>-Fer una an\u00e0lisi cr\u00edtica de l\u2019organigrama inicial i proposar modificacions per atorgar la m\u00e0xima racionalitat, economia i efici\u00e8ncia a l\u2019organitzaci\u00f3 municipal.<\/p>\n<p>-Definir de forma objectiva els diferents llocs de treballs i desenvolupar una fitxa per cada lloc de treball.<\/p>\n<p>A m\u00e9s, en l\u2019estudi, s\u2019hi inclour\u00e0 un estudi sobre l\u2019adaptaci\u00f3 de la realitat al contingut de la nova RLT.<\/p>\n<p>L\u2019import d\u2019aquest contracte menor ascendeix a 10.100\u20ac (sense IVA) i la primera part d\u2019aquest treball es dur\u00e0 a terme durant l\u2019any 2017.<\/p>\n","protected":false},"excerpt":{"rendered":"<p>El passat 20 de juliol la Junta de Govern Local va aprovar un contracte menor pel servei d\u2019assessorament i elaboraci\u00f3 de la relaci\u00f3 de llocs de treball (RLT) amb l\u2019empresa &hellip; <a href=\"https:\/\/bisbalpenedes.com\/web\/2017\/08\/24\/lajuntament-iniciara-el-proces-per-redactar-la-relacio-de-llocs-de-treball-de-lajuntament-durant-aquest-any-2017\/\" class=\"more-link\">Read More<\/a><\/p>\n","protected":false},"author":4,"featured_media":3049,"comment_status":"closed","ping_status":"closed","sticky":false,"template":"","format":"standard","meta":[],"categories":[4],"tags":[248,748,750,747,746,749],"_links":{"self":[{"href":"https:\/\/bisbalpenedes.com\/web\/wp-json\/wp\/v2\/posts\/3048"}],"collection":[{"href":"https:\/\/bisbalpenedes.com\/web\/wp-json\/wp\/v2\/posts"}],"about":[{"href":"https:\/\/bisbalpenedes.com\/web\/wp-json\/wp\/v2\/types\/post"}],"author":[{"embeddable":true,"href":"https:\/\/bisbalpenedes.com\/web\/wp-json\/wp\/v2\/users\/4"}],"replies":[{"embeddable":true,"href":"https:\/\/bisbalpenedes.com\/web\/wp-json\/wp\/v2\/comments?post=3048"}],"version-history":[{"count":3,"href":"https:\/\/bisbalpenedes.com\/web\/wp-json\/wp\/v2\/posts\/3048\/revisions"}],"predecessor-version":[{"id":3051,"href":"https:\/\/bisbalpenedes.com\/web\/wp-json\/wp\/v2\/posts\/3048\/revisions\/3051"}],"wp:featuredmedia":[{"embeddable":true,"href":"https:\/\/bisbalpenedes.com\/web\/wp-json\/wp\/v2\/media\/3049"}],"wp:attachment":[{"href":"https:\/\/bisbalpenedes.com\/web\/wp-json\/wp\/v2\/media?parent=3048"}],"wp:term":[{"taxonomy":"category","embeddable":true,"href":"https:\/\/bisbalpenedes.com\/web\/wp-json\/wp\/v2\/categories?post=3048"},{"taxonomy":"post_tag","embeddable":true,"href":"https:\/\/bisbalpenedes.com\/web\/wp-json\/wp\/v2\/tags?post=3048"}],"curies":[{"name":"wp","href":"https:\/\/api.w.org\/{rel}","templated":true}]}}