{"id":30466,"date":"2024-06-05T14:11:21","date_gmt":"2024-06-05T12:11:21","guid":{"rendered":"https:\/\/bisbalpenedes.com\/web\/?p=30466"},"modified":"2024-06-05T14:11:21","modified_gmt":"2024-06-05T12:11:21","slug":"sorteig-de-les-places-de-la-llar-dinfants-municipal-dilluns-10-de-juny-a-les-18h","status":"publish","type":"post","link":"https:\/\/bisbalpenedes.com\/web\/2024\/06\/05\/sorteig-de-les-places-de-la-llar-dinfants-municipal-dilluns-10-de-juny-a-les-18h\/","title":{"rendered":"Sorteig de les places de la llar d&#8217;infants municipal: dilluns 10 de juny a les 18h"},"content":{"rendered":"\n<p>El pr\u00f2xim dilluns 10 de juny, a les 18h, la sala de plens acollir\u00e0 el sorteig de les places de la Llar d&#8217;infants municipal L&#8217;Oreneta entre l&#8217;alumnat preinscrit al curs 2024\/2025. L&#8217;acte ser\u00e0 p\u00fablic i, per tant, hi podran assistir els interessants.<\/p>\n\n\n\n<hr class=\"wp-block-separator has-alpha-channel-opacity\"\/>\n\n\n\n<p>El pr\u00f3ximo lunes 10 de junio, a las 18h, la sala de plenos acoger\u00e1 el sorteo de las plazas de la Llar d&#8217;infants municipal L&#8217;Oreneta entre el alumnado preinscrito en el curso 2024\/2025. El acto ser\u00e1 p\u00fablico y, por tanto, los interesados podr\u00e1n asistir al mismo.<\/p>\n","protected":false},"excerpt":{"rendered":"<p>El pr\u00f2xim dilluns 10 de juny, a les 18h, la sala de plens acollir\u00e0 el sorteig de les places de la Llar d&#8217;infants municipal L&#8217;Oreneta entre l&#8217;alumnat preinscrit al curs &hellip; <a href=\"https:\/\/bisbalpenedes.com\/web\/2024\/06\/05\/sorteig-de-les-places-de-la-llar-dinfants-municipal-dilluns-10-de-juny-a-les-18h\/\" class=\"more-link\">Read More<\/a><\/p>\n","protected":false},"author":4,"featured_media":30467,"comment_status":"closed","ping_status":"closed","sticky":false,"template":"","format":"standard","meta":[],"categories":[3456,8],"tags":[393],"_links":{"self":[{"href":"https:\/\/bisbalpenedes.com\/web\/wp-json\/wp\/v2\/posts\/30466"}],"collection":[{"href":"https:\/\/bisbalpenedes.com\/web\/wp-json\/wp\/v2\/posts"}],"about":[{"href":"https:\/\/bisbalpenedes.com\/web\/wp-json\/wp\/v2\/types\/post"}],"author":[{"embeddable":true,"href":"https:\/\/bisbalpenedes.com\/web\/wp-json\/wp\/v2\/users\/4"}],"replies":[{"embeddable":true,"href":"https:\/\/bisbalpenedes.com\/web\/wp-json\/wp\/v2\/comments?post=30466"}],"version-history":[{"count":1,"href":"https:\/\/bisbalpenedes.com\/web\/wp-json\/wp\/v2\/posts\/30466\/revisions"}],"predecessor-version":[{"id":30468,"href":"https:\/\/bisbalpenedes.com\/web\/wp-json\/wp\/v2\/posts\/30466\/revisions\/30468"}],"wp:featuredmedia":[{"embeddable":true,"href":"https:\/\/bisbalpenedes.com\/web\/wp-json\/wp\/v2\/media\/30467"}],"wp:attachment":[{"href":"https:\/\/bisbalpenedes.com\/web\/wp-json\/wp\/v2\/media?parent=30466"}],"wp:term":[{"taxonomy":"category","embeddable":true,"href":"https:\/\/bisbalpenedes.com\/web\/wp-json\/wp\/v2\/categories?post=30466"},{"taxonomy":"post_tag","embeddable":true,"href":"https:\/\/bisbalpenedes.com\/web\/wp-json\/wp\/v2\/tags?post=30466"}],"curies":[{"name":"wp","href":"https:\/\/api.w.org\/{rel}","templated":true}]}}