{"id":30448,"date":"2024-05-30T21:05:50","date_gmt":"2024-05-30T19:05:50","guid":{"rendered":"https:\/\/bisbalpenedes.com\/web\/?p=30448"},"modified":"2024-05-30T21:13:10","modified_gmt":"2024-05-30T19:13:10","slug":"saprova-la-renovacio-de-lacord-amb-lacm-per-al-consum-de-lelectricitat-de-lenllumenat-public-i-les-installacions-municipals","status":"publish","type":"post","link":"https:\/\/bisbalpenedes.com\/web\/2024\/05\/30\/saprova-la-renovacio-de-lacord-amb-lacm-per-al-consum-de-lelectricitat-de-lenllumenat-public-i-les-installacions-municipals\/","title":{"rendered":"<strong>S\u2019aprova la renovaci\u00f3 de l\u2019acord amb l\u2019ACM per al consum de l\u2019electricitat de l\u2019enllumenat p\u00fablic i les instal\u00b7lacions municipals<\/strong>"},"content":{"rendered":"\n<p>La Junta de Govern del dilluns 27 de maig va aprovar, a petici\u00f3 d\u2019alcaldia, l\u2019adhesi\u00f3 a la segona renovaci\u00f3 de l\u2019acord marc amb l\u2019Associaci\u00f3 Catalana de Municipis i Comarques (ACM), per al consum d\u2019electricitat de l\u2019enllumenat p\u00fablic i les instal\u00b7lacions municipals.<\/p>\n\n\n\n<p>La Central de compres de l\u2019ACM, a trav\u00e9s del Consorci Catal\u00e0 pel Desenvolupament Local, permet a l\u2019Ajuntament de la Bisbal del Pened\u00e8s obtenir un nou preu m\u00e9s baix i reduir tamb\u00e9 els terminis dels procediments administratius a trav\u00e9s del sistema de compres conjuntes. L\u2019Ajuntament es va afegir a la central de compres de l\u2019ACM el 2019 i el febrer de 2020 es va adherir al contracte per al consum de l\u2019electricitat en l\u2019enllumenat p\u00fablic i les instal\u00b7lacions municipals, un acord que ara s\u2019ha renovat.<\/p>\n\n\n\n<hr class=\"wp-block-separator has-alpha-channel-opacity\"\/>\n\n\n\n<p><strong>CASTELLANO |<\/strong> La Junta de Gobierno del lunes 27 de mayo aprob\u00f3, a petici\u00f3n de alcald\u00eda, la adhesi\u00f3n a la segunda renovaci\u00f3n del acuerdo marco con la Associaci\u00f3 Catalana de Municipis i Comarques (ACM), para el consumo de electricidad del alumbrado p\u00fablico y las instalaciones municipales.<\/p>\n\n\n\n<p>La Central de compras del ACM, a trav\u00e9s del Consorci Catal\u00e0 pel Desenvolupament Local, permite que el Ajuntament de la Bisbal del Pened\u00e8s obtenga un nuevo precio m\u00e1s bajo y reducir tambi\u00e9n los plazos de los procedimientos administrativos a trav\u00e9s del sistema de compras conjuntas. El Ajuntament se a\u00f1adi\u00f3 a la central de compras de la ACM en el 2019 y en febrero del 2022 se adhiri\u00f3 al contrato para el consumo de la electricidad en el alumbrado p\u00fablico y las instalaciones municipales, un acuerdo que ahora se ha renovado.<\/p>\n","protected":false},"excerpt":{"rendered":"<p>La Junta de Govern del dilluns 27 de maig va aprovar, a petici\u00f3 d\u2019alcaldia, l\u2019adhesi\u00f3 a la segona renovaci\u00f3 de l\u2019acord marc amb l\u2019Associaci\u00f3 Catalana de Municipis i Comarques (ACM), &hellip; <a href=\"https:\/\/bisbalpenedes.com\/web\/2024\/05\/30\/saprova-la-renovacio-de-lacord-amb-lacm-per-al-consum-de-lelectricitat-de-lenllumenat-public-i-les-installacions-municipals\/\" class=\"more-link\">Read More<\/a><\/p>\n","protected":false},"author":4,"featured_media":30451,"comment_status":"closed","ping_status":"closed","sticky":false,"template":"","format":"standard","meta":[],"categories":[2402,3085,8],"tags":[459,1105,686,393,441,1374],"_links":{"self":[{"href":"https:\/\/bisbalpenedes.com\/web\/wp-json\/wp\/v2\/posts\/30448"}],"collection":[{"href":"https:\/\/bisbalpenedes.com\/web\/wp-json\/wp\/v2\/posts"}],"about":[{"href":"https:\/\/bisbalpenedes.com\/web\/wp-json\/wp\/v2\/types\/post"}],"author":[{"embeddable":true,"href":"https:\/\/bisbalpenedes.com\/web\/wp-json\/wp\/v2\/users\/4"}],"replies":[{"embeddable":true,"href":"https:\/\/bisbalpenedes.com\/web\/wp-json\/wp\/v2\/comments?post=30448"}],"version-history":[{"count":1,"href":"https:\/\/bisbalpenedes.com\/web\/wp-json\/wp\/v2\/posts\/30448\/revisions"}],"predecessor-version":[{"id":30450,"href":"https:\/\/bisbalpenedes.com\/web\/wp-json\/wp\/v2\/posts\/30448\/revisions\/30450"}],"wp:featuredmedia":[{"embeddable":true,"href":"https:\/\/bisbalpenedes.com\/web\/wp-json\/wp\/v2\/media\/30451"}],"wp:attachment":[{"href":"https:\/\/bisbalpenedes.com\/web\/wp-json\/wp\/v2\/media?parent=30448"}],"wp:term":[{"taxonomy":"category","embeddable":true,"href":"https:\/\/bisbalpenedes.com\/web\/wp-json\/wp\/v2\/categories?post=30448"},{"taxonomy":"post_tag","embeddable":true,"href":"https:\/\/bisbalpenedes.com\/web\/wp-json\/wp\/v2\/tags?post=30448"}],"curies":[{"name":"wp","href":"https:\/\/api.w.org\/{rel}","templated":true}]}}