{"id":30427,"date":"2024-05-30T20:33:02","date_gmt":"2024-05-30T18:33:02","guid":{"rendered":"https:\/\/bisbalpenedes.com\/web\/?p=30427"},"modified":"2024-05-30T21:01:33","modified_gmt":"2024-05-30T19:01:33","slug":"saprova-una-comanda-de-subministrament-de-paper-dimpressio-en-el-marc-de-ladhesio-a-la-central-de-compres-de-lacm-3","status":"publish","type":"post","link":"https:\/\/bisbalpenedes.com\/web\/2024\/05\/30\/saprova-una-comanda-de-subministrament-de-paper-dimpressio-en-el-marc-de-ladhesio-a-la-central-de-compres-de-lacm-3\/","title":{"rendered":"La Junta de Govern ha aprovat una comanda de subministrament de paper d\u2019impressi\u00f3 en el marc de l\u2019adhesi\u00f3 a la central de compres de l\u2019ACM"},"content":{"rendered":"\n<p>La Junta de Govern del 27 de maig va aprovar la contractaci\u00f3 del subministrament de 1.080 paquets de paper d\u2019impressi\u00f3 amb l\u2019empresa LYRECO ESPA\u00d1A S.A. en el marc de l\u2019adhesi\u00f3 a la central de compres de l\u2019Associaci\u00f3 Catalana de Municipis (ACM). L\u2019import de la comanda ascendeix a 3.412,68\u20ac (IVA incl\u00f2s) i aquest paper es destinar\u00e0 a l\u2019Ajuntament i l\u2019escola Ull de Vent.<\/p>\n\n\n\n<p>L\u2019Ajuntament de la Bisbal del Pened\u00e8s est\u00e0 adherit al sistema d\u2019adquisici\u00f3 centralitzada i a la contractaci\u00f3 de serveis a trav\u00e9s de la central de compres de l\u2019ACM des de l\u2019octubre de 2019, amb l\u2019objectiu de fer compres i adquirir serveis amb preus m\u00e9s econ\u00f2mics i optimitzar els terminis dels procediments administratius, ja que l\u2019Ajuntament no ha de dur a terme la licitaci\u00f3 per poder executar aquesta compra.<\/p>\n\n\n\n<hr class=\"wp-block-separator has-alpha-channel-opacity\"\/>\n\n\n\n<p><strong>CASTELLANO |<\/strong> La Junta de Gobierno del 27 de mayo aprob\u00f3 la contrataci\u00f3n del suministro de 1.080 paquetes de papel de impresi\u00f3n con la empresa LYRECO ESPA\u00d1A S.A. en el marco de la adhesi\u00f3n a la central de compras de la Associaci\u00f3 Catalana de Municipis (ACM). El importe de la comanda asciende a 3.412,68\u20ac (IVA incluido) y este papel se destinar\u00e1 al Ajuntament y a la escuela Ull de Vent.<\/p>\n\n\n\n<p>El Ajuntament de la Bisbal del Pened\u00e8s est\u00e1 adherido al sistema de adquisici\u00f3n centralizada y a la contrataci\u00f3n de servicios a trav\u00e9s de la central de compras de la ACM desde octubre del 2019, con el objetivo de hacer compras y adquirir servicios con precios m\u00e1s econ\u00f3micos y optimizar los plazos de los procedimientos administrativos, ya que el Ajuntament no tiene que llevar a cabo la licitaci\u00f3n para poder ejecutar esta compra.<\/p>\n\n\n\n<p>La Junta de Govern del 27 de maig ha aprovat el contracte amb el Ball de Diables de la Bisbal per 14.990\u20ac per a les actuacions i correfocs organitzats al municipi per al 2023, que inclou l\u2019organitzaci\u00f3 i participaci\u00f3 en els correfocs i cercaviles.<\/p>\n\n\n\n<p>Des de les regidories de Cultura i Festes s\u2019organitza una programaci\u00f3 per mantenir i promocionar elements tradicionals i identificadors de la festa com s\u00f3n els correfocs i els versots per a la Festa Major i tamb\u00e9 per promocionar l\u2019element del foc i festiu com una expressi\u00f3 cultural pr\u00f2pia del pa\u00eds.<\/p>\n\n\n\n<hr class=\"wp-block-separator has-alpha-channel-opacity\"\/>\n\n\n\n<p><strong>CASTELLANO |<\/strong> La Junta de Gobierno del 27 de mayo ha aprobado el contrato con el Ball de Diables de la Bisbal por 14.990\u20ac para las actuaciones y \u2018correfocs\u2019 organizados en el municipio en el 2023, que incluye la organizaci\u00f3n y participaci\u00f3n en los \u2018correfocs\u2019 y pasacalles.<\/p>\n\n\n\n<p>Desde las concejal\u00edas de Cultura y Fiestas se organiza una programaci\u00f3n para mantener y promocionar elementos tradicionales e identificadores de la fiesta como son los \u2018correfocs\u2019 y los \u2018versots\u2019 para la Fiesta Mayor y tambi\u00e9n para promocionar el elemento de fuego y festivo como una expresi\u00f3n cultural propia del pa\u00eds.<\/p>\n","protected":false},"excerpt":{"rendered":"<p>La Junta de Govern del 27 de maig va aprovar la contractaci\u00f3 del subministrament de 1.080 paquets de paper d\u2019impressi\u00f3 amb l\u2019empresa LYRECO ESPA\u00d1A S.A. en el marc de l\u2019adhesi\u00f3 &hellip; <a href=\"https:\/\/bisbalpenedes.com\/web\/2024\/05\/30\/saprova-una-comanda-de-subministrament-de-paper-dimpressio-en-el-marc-de-ladhesio-a-la-central-de-compres-de-lacm-3\/\" class=\"more-link\">Read More<\/a><\/p>\n","protected":false},"author":4,"featured_media":30445,"comment_status":"closed","ping_status":"closed","sticky":false,"template":"","format":"standard","meta":[],"categories":[13,20,2161,4668,8],"tags":[874,3263,2736],"_links":{"self":[{"href":"https:\/\/bisbalpenedes.com\/web\/wp-json\/wp\/v2\/posts\/30427"}],"collection":[{"href":"https:\/\/bisbalpenedes.com\/web\/wp-json\/wp\/v2\/posts"}],"about":[{"href":"https:\/\/bisbalpenedes.com\/web\/wp-json\/wp\/v2\/types\/post"}],"author":[{"embeddable":true,"href":"https:\/\/bisbalpenedes.com\/web\/wp-json\/wp\/v2\/users\/4"}],"replies":[{"embeddable":true,"href":"https:\/\/bisbalpenedes.com\/web\/wp-json\/wp\/v2\/comments?post=30427"}],"version-history":[{"count":4,"href":"https:\/\/bisbalpenedes.com\/web\/wp-json\/wp\/v2\/posts\/30427\/revisions"}],"predecessor-version":[{"id":30447,"href":"https:\/\/bisbalpenedes.com\/web\/wp-json\/wp\/v2\/posts\/30427\/revisions\/30447"}],"wp:featuredmedia":[{"embeddable":true,"href":"https:\/\/bisbalpenedes.com\/web\/wp-json\/wp\/v2\/media\/30445"}],"wp:attachment":[{"href":"https:\/\/bisbalpenedes.com\/web\/wp-json\/wp\/v2\/media?parent=30427"}],"wp:term":[{"taxonomy":"category","embeddable":true,"href":"https:\/\/bisbalpenedes.com\/web\/wp-json\/wp\/v2\/categories?post=30427"},{"taxonomy":"post_tag","embeddable":true,"href":"https:\/\/bisbalpenedes.com\/web\/wp-json\/wp\/v2\/tags?post=30427"}],"curies":[{"name":"wp","href":"https:\/\/api.w.org\/{rel}","templated":true}]}}