{"id":30421,"date":"2024-05-30T20:32:50","date_gmt":"2024-05-30T18:32:50","guid":{"rendered":"https:\/\/bisbalpenedes.com\/web\/?p=30421"},"modified":"2025-08-07T13:20:47","modified_gmt":"2025-08-07T11:20:47","slug":"saprova-la-primera-prorroga-del-contracte-del-servei-de-dinamitzacio-dels-espais-per-a-la-gent-gran","status":"publish","type":"post","link":"https:\/\/bisbalpenedes.com\/web\/2024\/05\/30\/saprova-la-primera-prorroga-del-contracte-del-servei-de-dinamitzacio-dels-espais-per-a-la-gent-gran\/","title":{"rendered":"S\u2019aprova la primera pr\u00f2rroga del contracte del servei de dinamitzaci\u00f3 dels espais per a la gent gran subvencionat pel Pla ImpulsaDipta 2024"},"content":{"rendered":"\n<p>La Junta de Govern del 27 de maig va aprovar, a petici\u00f3 de la Regidoria de la Gent Gran, la primera pr\u00f2rroga del contracte del servei de dinamitzaci\u00f3 dels espais per a la gent gran, a la Fundaci\u00f3 Pere Tarr\u00e9s per 36.999,17\u20ac per un any, per al termini des del 23 de juny de 2024 al 22 de juny de 2025. El contracte inclou les activitats als parcs de salut del nucli i dels locals socials de La Miralba, Can Gordei i el Priorat de la Bisbal, aix\u00ed com la dinamitzaci\u00f3, els tallers i les activitats dirigides.<\/p>\n\n\n\n<p>L\u2019Ajuntament de la Bisbal del Pened\u00e8s ha rebut una subvenci\u00f3 de <strong>11.099,73\u202f\u20ac<\/strong> de la <strong>Diputaci\u00f3 de Tarragona<\/strong>, en el marc del <strong>Pla ImpulsDipta 2024 \u2013 l\u00ednia de Salut P\u00fablica<\/strong>, per finan\u00e7ar activitats saludables adre\u00e7ades a la gent gran del municipi.<\/p>\n\n\n\n<p>Amb aquest import, el consistori ha impulsat diverses accions de dinamitzaci\u00f3, desenvolupades per <strong>la Fundaci\u00f3 Pere Tarr\u00e9s<\/strong>, que tenen com a objectiu fomentar els h\u00e0bits saludables, l\u2019envelliment actiu i la socialitzaci\u00f3 entre les persones grans del poble.<\/p>\n\n\n\n<p>Aquestes activitats han tingut lloc durant els darrers mesos i han tingut una gran acollida per part del col\u00b7lectiu, convertint-se en una eina essencial per millorar la qualitat de vida i promoure el benestar f\u00edsic i emocional de la nostra gent gran.<\/p>\n\n\n\n<p>L\u2019objectiu \u00e9s oferir activitats destinades a les persones grans per fer m\u00e9s saludables els seus estils de vida, millorar la gesti\u00f3 de les emocions com a font de benestar emocional i de creixement personal i, en conseq\u00fc\u00e8ncia, millorar la seva qualitat de vida. Aquestes activitats es duen a terme al Parc de salut del nucli i als locals socials de La Miralba, Can Gordei i el Priorat de la Bisbal. Concretament:<\/p>\n\n\n\n<p>Parcs de Salut: activitat f\u00edsica i esportiva. Activitats tres matins a la setmana al parc de salut del nucli, dues tardes al parc de salut de La Miralba, dues tardes al parc de salut del Priorat i dos matins al parc de salut de Can Gordei.<\/p>\n\n\n\n<p>Altres activitats: activitats dirigides (amb monitor\/a) que s\u00f3n escollides pels usuaris: inform\u00e0tica, catal\u00e0, tallers de mem\u00f2ria, jocs de taula&#8230; Es fan tres tardes a la setmana al Rac\u00f3 de la Gent Gran del nucli, dues tardes a la setmana al local social de La Miralba, dues tardes a la setmana al local social del Priorat i dues tardes a la setmana al local social de Can Gordei.<\/p>\n\n\n\n<p>Des de l\u2019Ajuntament volem agrair a la Diputaci\u00f3 de Tarragona el seu suport a iniciatives que fomenten la salut i el benestar de la ciutadania, especialment dels col\u00b7lectius m\u00e9s vulnerables.<\/p>\n\n\n\n<p>#envellimentactiu #ImpulsDipta #peretarres<\/p>\n\n\n\n<p>Amb el suport de @Dipta_cat<\/p>\n\n\n\n<figure class=\"wp-block-image size-large\"><img loading=\"lazy\" width=\"1024\" height=\"203\" src=\"https:\/\/bisbalpenedes.com\/web\/wp-content\/uploads\/2025\/08\/peudipta-1024x203.jpg\" alt=\"\" class=\"wp-image-34414\" srcset=\"https:\/\/bisbalpenedes.com\/web\/wp-content\/uploads\/2025\/08\/peudipta-1024x203.jpg 1024w, https:\/\/bisbalpenedes.com\/web\/wp-content\/uploads\/2025\/08\/peudipta-300x59.jpg 300w, https:\/\/bisbalpenedes.com\/web\/wp-content\/uploads\/2025\/08\/peudipta-768x152.jpg 768w, https:\/\/bisbalpenedes.com\/web\/wp-content\/uploads\/2025\/08\/peudipta-600x119.jpg 600w, https:\/\/bisbalpenedes.com\/web\/wp-content\/uploads\/2025\/08\/peudipta.jpg 1374w\" sizes=\"(max-width: 1024px) 100vw, 1024px\" \/><\/figure>\n\n\n\n<hr class=\"wp-block-separator has-alpha-channel-opacity\"\/>\n\n\n\n<p><strong>CASTELLANO |<\/strong> La Junta de Gobierno del 27 de mayo aprob\u00f3, a petici\u00f3n de la Concejal\u00eda de la Gente Mayor, la primera pr\u00f3rroga del contrato del servicio de dinamizaci\u00f3n de los espacios para la gente mayor, a la Fundaci\u00f3 Pere Tarr\u00e9s por 36.999,17\u20ac por un a\u00f1o, para el plazo del 23 de junio de 2024 al 22 de junio de 2025. El contrato incluye las actividades en los parques de salud del n\u00facleo y de los locales sociales de La Miralba, Can Gordei y el Priorat de la Bisbal, as\u00ed como la dinamizaci\u00f3n, los talleres y las actividades dirigidas.<\/p>\n\n\n\n<p>El Ayuntament de la Bisbal del Pened\u00e8s ha recibido una subvenci\u00f3n de <strong>11.099,73\u202f\u20ac<\/strong> de la <strong>Diputaci\u00f3 de Tarragona<\/strong>, en el marco del <strong>Pla ImpulsDipta 2024 \u2013 l\u00ednia de Salut P\u00fablica<\/strong>, per finanzar activitades saludables dirigidas a la gente mayor del municipi.<\/p>\n\n\n\n<p>El objetivo es ofrecer actividades destinadas a las personas grandes para hacer m\u00e1s saludables sus estilos de vida, mejorar la gesti\u00f3n de las emociones como fuente de bienestar emocional y de crecimiento personal y, en consecuencia, mejorar su calidad de vida. Estas actividades se llevan a cabo en el Parc de salut del n\u00facleo y en los locales sociales de La Miralba, Can Gordei y el Priorat de la Bisbal. Concretamente:<\/p>\n\n\n\n<p>Parques de salud: actividad f\u00edsica y deportiva. Actividades tres ma\u00f1anas a la semana en el parque de salud del n\u00facleo, dos tardes en el parque de salud de La Miralba, dos tardes en el parque de salud del Priorat y dos ma\u00f1anas en el parque de salud de Can Gordei.<\/p>\n\n\n\n<p>Otras actividades: actividades dirigidas (con monitor\/a) que son escogidas por los usuarios: inform\u00e1tica, catal\u00e1n, talleres de memoria, juegos de mesa\u2026 Se hacen tres tardes a la semana en el Rac\u00f3 de la Gent Gran del n\u00facleo, dos tardes a la semana en el local social de La Miralba, dos tardes a la semana en el local social del Priorat y dos tardes a la semana en el local social de Can Gordei.<\/p>\n","protected":false},"excerpt":{"rendered":"<p>La Junta de Govern del 27 de maig va aprovar, a petici\u00f3 de la Regidoria de la Gent Gran, la primera pr\u00f2rroga del contracte del servei de dinamitzaci\u00f3 dels espais &hellip; <a href=\"https:\/\/bisbalpenedes.com\/web\/2024\/05\/30\/saprova-la-primera-prorroga-del-contracte-del-servei-de-dinamitzacio-dels-espais-per-a-la-gent-gran\/\" class=\"more-link\">Read More<\/a><\/p>\n","protected":false},"author":4,"featured_media":30422,"comment_status":"closed","ping_status":"closed","sticky":false,"template":"","format":"standard","meta":[],"categories":[464,8],"tags":[6666,198,118,1359,305,1532,1484,393,246,1583,736,520],"_links":{"self":[{"href":"https:\/\/bisbalpenedes.com\/web\/wp-json\/wp\/v2\/posts\/30421"}],"collection":[{"href":"https:\/\/bisbalpenedes.com\/web\/wp-json\/wp\/v2\/posts"}],"about":[{"href":"https:\/\/bisbalpenedes.com\/web\/wp-json\/wp\/v2\/types\/post"}],"author":[{"embeddable":true,"href":"https:\/\/bisbalpenedes.com\/web\/wp-json\/wp\/v2\/users\/4"}],"replies":[{"embeddable":true,"href":"https:\/\/bisbalpenedes.com\/web\/wp-json\/wp\/v2\/comments?post=30421"}],"version-history":[{"count":7,"href":"https:\/\/bisbalpenedes.com\/web\/wp-json\/wp\/v2\/posts\/30421\/revisions"}],"predecessor-version":[{"id":34438,"href":"https:\/\/bisbalpenedes.com\/web\/wp-json\/wp\/v2\/posts\/30421\/revisions\/34438"}],"wp:featuredmedia":[{"embeddable":true,"href":"https:\/\/bisbalpenedes.com\/web\/wp-json\/wp\/v2\/media\/30422"}],"wp:attachment":[{"href":"https:\/\/bisbalpenedes.com\/web\/wp-json\/wp\/v2\/media?parent=30421"}],"wp:term":[{"taxonomy":"category","embeddable":true,"href":"https:\/\/bisbalpenedes.com\/web\/wp-json\/wp\/v2\/categories?post=30421"},{"taxonomy":"post_tag","embeddable":true,"href":"https:\/\/bisbalpenedes.com\/web\/wp-json\/wp\/v2\/tags?post=30421"}],"curies":[{"name":"wp","href":"https:\/\/api.w.org\/{rel}","templated":true}]}}