{"id":30418,"date":"2024-05-30T10:41:01","date_gmt":"2024-05-30T08:41:01","guid":{"rendered":"https:\/\/bisbalpenedes.com\/web\/?p=30418"},"modified":"2024-05-30T10:41:01","modified_gmt":"2024-05-30T08:41:01","slug":"laula-mentor-de-la-bisbal-del-penedes-entrara-en-funcionament-el-10-de-juny","status":"publish","type":"post","link":"https:\/\/bisbalpenedes.com\/web\/2024\/05\/30\/laula-mentor-de-la-bisbal-del-penedes-entrara-en-funcionament-el-10-de-juny\/","title":{"rendered":"<strong>L\u2019Aula Mentor de la Bisbal del Pened\u00e8s entrar\u00e0 en funcionament el 10 de juny<\/strong>"},"content":{"rendered":"\n<p>El proper dilluns 10 de juny, a les 19h, tindr\u00e0 lloc la presentaci\u00f3 de l\u2019Aula Mentor de la Bisbal del Pened\u00e8s al Centre Municipal de Cultura (pla\u00e7a Major, 11-13). Es tracta d\u2019una iniciativa de formaci\u00f3 oberta i flexible per a l\u2019aprenentatge permanent i la formaci\u00f3 de les persones al llarg de la vida a trav\u00e9s d\u2019internet. El sistema formatiu est\u00e0 dissenyat per impulsar i millorar les compet\u00e8ncies personals i professionals de la ciutadania, promovent l\u2019\u00fas eficient de les tecnologies de la informaci\u00f3 i la comunicaci\u00f3.<\/p>\n\n\n\n<p>L\u2019Ajuntament de la Bisbal del Pened\u00e8s s\u2019ha adherit al programa de formaci\u00f3 oberta \u201cAula Mentor\u201d, una iniciativa del Ministeri d\u2019Educaci\u00f3 i Formaci\u00f3 Professional amb una dilatada experi\u00e8ncia de col\u00b7laboraci\u00f3 amb diferents entitats per al desenvolupament i l\u2019articulaci\u00f3 territorial. L\u2019objectiu fonamental del programa \u00e9s millorar la qualificaci\u00f3 de les persones adultes, ampliar-ne la cultura i promoure el desenvolupament de les seves capacitats i compet\u00e8ncies, mitjan\u00e7ant entorns de formaci\u00f3 que empren les tecnologies de la informaci\u00f3 i la comunicaci\u00f3.<\/p>\n\n\n\n<p>La modalitat formativa que s\u2019oferir\u00e0 a l\u2019Aula Mentor \u00e9s a dist\u00e0ncia i no reglada, amb atenci\u00f3 tutorial a trav\u00e9s d\u2019una plataforma d\u2019aprenentatge, juntament amb el suport d\u2019una aula f\u00edsica ubicada al CMC i de l\u2019administradora de l\u2019aula, Arantzazu Longares. Quant a la tipologia dels cursos, aquesta \u00e9s molt \u00e0mplia i inclou itineraris formatius dins de les \u00e0rees d\u2019administraci\u00f3 i gesti\u00f3; agricultura; arts gr\u00e0fiques; comer\u00e7 i m\u00e0rqueting; electricitat i electr\u00f2nica; hostaleria i turisme; imatge personal: imatge i so; ind\u00fastries aliment\u00e0ries; inform\u00e0tica i comunicacions; instal\u00b7laci\u00f3 i manteniment; sanitat; seguretat i medi ambient; serveis socioculturals i a la comunitat; t\u00e8xtil, confecci\u00f3 i pell; vidre i cer\u00e0mica; i compet\u00e8ncies ling\u00fc\u00edstiques i idiomes.<\/p>\n\n\n\n<p>Per a m\u00e9s informaci\u00f3 us podeu adre\u00e7ar al Servei d\u2019Ocupaci\u00f3 Municipal a trav\u00e9s del tel\u00e8fon 621 27 70 75 o enviant un correu electr\u00f2nic a <a href=\"mailto:ocupacio@bisbalpenedes.com\">ocupacio@bisbalpenedes.com<\/a><\/p>\n\n\n\n<hr class=\"wp-block-separator has-alpha-channel-opacity\"\/>\n\n\n\n<p><strong>CASTELLANO |<\/strong> El pr\u00f3ximo lunes 10 de junio, a las 19h, tendr\u00e1 lugar la presentaci\u00f3n del Aula Mentor de la Bisbal del Pened\u00e8s en el Centre Municipal de Cultura (pla\u00e7a Major, 11-13). Se trata de una iniciativa de formaci\u00f3n abierta y flexible para el aprendizaje permanente y la formaci\u00f3n de las personas a lo largo de la vida a trav\u00e9s de internet. El sistema formativo est\u00e1 dise\u00f1ado para impulsar y mejorar las competencias personales y profesionales de la ciudadan\u00eda, promoviendo el uso eficiente de las tecnolog\u00edas de la informaci\u00f3n y la comunicaci\u00f3n.<\/p>\n\n\n\n<p>El Ajuntament de la Bisbal del Pened\u00e8s se ha adherido al programa de formaci\u00f3n abierta \u201cAula Mentor\u201d, una iniciativa del Ministerio de Educaci\u00f3n y Formaci\u00f3n Profesional con una dilatada experiencia de colaboraci\u00f3n con distintas entidades para el desarrollo y la articulaci\u00f3n territorial. El objetivo fundamental del programa es mejorar la calificaci\u00f3n de las personas adultas, ampliar la cultura y promover el desarrollo de sus capacidades y competencias, mediante entornos de formaci\u00f3n que emplean las tecnolog\u00edas de la informaci\u00f3n y la comunicaci\u00f3n.<\/p>\n\n\n\n<p>La modalidad formativa que se ofrecer\u00e1 en el Aula Mentor es a distancia y no reglada, con atenci\u00f3n tutorial a trav\u00e9s de una plataforma de aprendizaje, junto con el apoyo de un aula f\u00edsica ubicada en el CMC y de la administradora del aula, Arantzazu Longares. En cuanto a la tipolog\u00eda de los cursos, esta es muy amplia e incluye itinerarios formativos dentro de las \u00e1reas de administraci\u00f3n y gesti\u00f3n; agricultura; artes gr\u00e1ficas; comercio y marketing; electricidad y electr\u00f3nica; hosteler\u00eda y turismo; imagen personal: imagen y sonido; industrias alimentarias; inform\u00e1tica y comunicaciones; instalaci\u00f3n y mantenimiento; sanidad; seguridad y medio ambiente; servicios socioculturales y en la comunidad; textil, confecci\u00f3n y piel; vidrio y cer\u00e1mica; y competencias ling\u00fc\u00edsticas e idiomas.<\/p>\n\n\n\n<p>Para m\u00e1s informaci\u00f3n os pod\u00e9is dirigir al Servei d&#8217;Ocupaci\u00f3 Municipal a trav\u00e9s del tel\u00e9fono 621 27 70 75 o mandando un correo electr\u00f3nico a ocupacio@bisbalpenedes.com<\/p>\n","protected":false},"excerpt":{"rendered":"<p>El proper dilluns 10 de juny, a les 19h, tindr\u00e0 lloc la presentaci\u00f3 de l\u2019Aula Mentor de la Bisbal del Pened\u00e8s al Centre Municipal de Cultura (pla\u00e7a Major, 11-13). Es &hellip; <a href=\"https:\/\/bisbalpenedes.com\/web\/2024\/05\/30\/laula-mentor-de-la-bisbal-del-penedes-entrara-en-funcionament-el-10-de-juny\/\" class=\"more-link\">Read More<\/a><\/p>\n","protected":false},"author":4,"featured_media":29482,"comment_status":"closed","ping_status":"closed","sticky":false,"template":"","format":"standard","meta":[],"categories":[6509,8,9],"tags":[6539,459,2930,12,393],"_links":{"self":[{"href":"https:\/\/bisbalpenedes.com\/web\/wp-json\/wp\/v2\/posts\/30418"}],"collection":[{"href":"https:\/\/bisbalpenedes.com\/web\/wp-json\/wp\/v2\/posts"}],"about":[{"href":"https:\/\/bisbalpenedes.com\/web\/wp-json\/wp\/v2\/types\/post"}],"author":[{"embeddable":true,"href":"https:\/\/bisbalpenedes.com\/web\/wp-json\/wp\/v2\/users\/4"}],"replies":[{"embeddable":true,"href":"https:\/\/bisbalpenedes.com\/web\/wp-json\/wp\/v2\/comments?post=30418"}],"version-history":[{"count":1,"href":"https:\/\/bisbalpenedes.com\/web\/wp-json\/wp\/v2\/posts\/30418\/revisions"}],"predecessor-version":[{"id":30419,"href":"https:\/\/bisbalpenedes.com\/web\/wp-json\/wp\/v2\/posts\/30418\/revisions\/30419"}],"wp:featuredmedia":[{"embeddable":true,"href":"https:\/\/bisbalpenedes.com\/web\/wp-json\/wp\/v2\/media\/29482"}],"wp:attachment":[{"href":"https:\/\/bisbalpenedes.com\/web\/wp-json\/wp\/v2\/media?parent=30418"}],"wp:term":[{"taxonomy":"category","embeddable":true,"href":"https:\/\/bisbalpenedes.com\/web\/wp-json\/wp\/v2\/categories?post=30418"},{"taxonomy":"post_tag","embeddable":true,"href":"https:\/\/bisbalpenedes.com\/web\/wp-json\/wp\/v2\/tags?post=30418"}],"curies":[{"name":"wp","href":"https:\/\/api.w.org\/{rel}","templated":true}]}}