{"id":30401,"date":"2024-05-29T18:13:20","date_gmt":"2024-05-29T16:13:20","guid":{"rendered":"https:\/\/bisbalpenedes.com\/web\/?p=30401"},"modified":"2024-05-29T18:13:20","modified_gmt":"2024-05-29T16:13:20","slug":"revista-torre-de-guaita-edicio-de-maig-i-juny-de-2024","status":"publish","type":"post","link":"https:\/\/bisbalpenedes.com\/web\/2024\/05\/29\/revista-torre-de-guaita-edicio-de-maig-i-juny-de-2024\/","title":{"rendered":"Revista Torre de Guaita: edici\u00f3 de maig i juny de 2024"},"content":{"rendered":"\n<p>Ja s\u2019ha publicat l\u2019edici\u00f3 de maig i juny de 2024 de la revista municipal Torre de Guaita i s\u2019ha comen\u00e7at a repartir l\u2019edici\u00f3 en paper.<\/p>\n\n\n\n<p>Amb la finalitat de garantir els principis de pluralisme, igualtat i neutralitat de la informaci\u00f3 period\u00edstica que estableix la llei en per\u00edode electoral, aquesta publicaci\u00f3 no inclou articles d&#8217;opini\u00f3. En aquest sentit, no hi ha editorial de l&#8217;alcaldessa ni tampoc s&#8217;han incl\u00f2s els escrits pol\u00edtics.<\/p>\n\n\n\n<hr class=\"wp-block-separator has-alpha-channel-opacity\"\/>\n\n\n\n<p>Ya se ha publicado la edici\u00f3n de mayo y junio de 2024 de la revista municipal Torre de Guaita y se ha empezado a repartir la edici\u00f3n en papel.<\/p>\n\n\n\n<p>Con la finalidad de garantizar los principios de pluralismo, igualdad y neutralidad de la informaci\u00f3n period\u00edstica que establece la ley en periodo electoral, esta publicaci\u00f3n no incluye art\u00edculos de opini\u00f3n. En este sentido, no hay editorial de la alcaldesa ni tampoco se han incluido los escritos pol\u00edticos.<\/p>\n\n\n\n<div class=\"wp-block-file\"><object class=\"wp-block-file__embed\" data=\"https:\/\/bisbalpenedes.com\/web\/wp-content\/uploads\/2024\/05\/Torre_de_Guaita_60_Maig-Juny_2024.pdf\" type=\"application\/pdf\" style=\"width:100%;height:600px\" aria-label=\"Incrustaci\u00f3 del fitxer Torre_de_Guaita_60_Maig-Juny_2024.\"><\/object><a id=\"wp-block-file--media-b053d8a5-9832-4c8c-93fc-ea1f1d07dd80\" href=\"https:\/\/bisbalpenedes.com\/web\/wp-content\/uploads\/2024\/05\/Torre_de_Guaita_60_Maig-Juny_2024.pdf\">Torre_de_Guaita_60_Maig-Juny_2024<\/a><a href=\"https:\/\/bisbalpenedes.com\/web\/wp-content\/uploads\/2024\/05\/Torre_de_Guaita_60_Maig-Juny_2024.pdf\" class=\"wp-block-file__button\" download aria-describedby=\"wp-block-file--media-b053d8a5-9832-4c8c-93fc-ea1f1d07dd80\">Baixa<\/a><\/div>\n","protected":false},"excerpt":{"rendered":"<p>Ja s\u2019ha publicat l\u2019edici\u00f3 de maig i juny de 2024 de la revista municipal Torre de Guaita i s\u2019ha comen\u00e7at a repartir l\u2019edici\u00f3 en paper. Amb la finalitat de garantir &hellip; <a href=\"https:\/\/bisbalpenedes.com\/web\/2024\/05\/29\/revista-torre-de-guaita-edicio-de-maig-i-juny-de-2024\/\" class=\"more-link\">Read More<\/a><\/p>\n","protected":false},"author":4,"featured_media":30402,"comment_status":"closed","ping_status":"closed","sticky":false,"template":"","format":"standard","meta":[],"categories":[2402,8],"tags":[459,393,1374,2609,2608],"_links":{"self":[{"href":"https:\/\/bisbalpenedes.com\/web\/wp-json\/wp\/v2\/posts\/30401"}],"collection":[{"href":"https:\/\/bisbalpenedes.com\/web\/wp-json\/wp\/v2\/posts"}],"about":[{"href":"https:\/\/bisbalpenedes.com\/web\/wp-json\/wp\/v2\/types\/post"}],"author":[{"embeddable":true,"href":"https:\/\/bisbalpenedes.com\/web\/wp-json\/wp\/v2\/users\/4"}],"replies":[{"embeddable":true,"href":"https:\/\/bisbalpenedes.com\/web\/wp-json\/wp\/v2\/comments?post=30401"}],"version-history":[{"count":1,"href":"https:\/\/bisbalpenedes.com\/web\/wp-json\/wp\/v2\/posts\/30401\/revisions"}],"predecessor-version":[{"id":30403,"href":"https:\/\/bisbalpenedes.com\/web\/wp-json\/wp\/v2\/posts\/30401\/revisions\/30403"}],"wp:featuredmedia":[{"embeddable":true,"href":"https:\/\/bisbalpenedes.com\/web\/wp-json\/wp\/v2\/media\/30402"}],"wp:attachment":[{"href":"https:\/\/bisbalpenedes.com\/web\/wp-json\/wp\/v2\/media?parent=30401"}],"wp:term":[{"taxonomy":"category","embeddable":true,"href":"https:\/\/bisbalpenedes.com\/web\/wp-json\/wp\/v2\/categories?post=30401"},{"taxonomy":"post_tag","embeddable":true,"href":"https:\/\/bisbalpenedes.com\/web\/wp-json\/wp\/v2\/tags?post=30401"}],"curies":[{"name":"wp","href":"https:\/\/api.w.org\/{rel}","templated":true}]}}