{"id":30395,"date":"2024-05-28T20:49:28","date_gmt":"2024-05-28T18:49:28","guid":{"rendered":"https:\/\/bisbalpenedes.com\/web\/?p=30395"},"modified":"2024-05-28T20:49:28","modified_gmt":"2024-05-28T18:49:28","slug":"al-juny-continuen-la-majoria-de-les-activitats-dirigides-al-pavello-si-esteu-inscrits-i-no-heu-de-venir-us-heu-de-donar-de-baixa-per-evitar-que-se-us-cobri-el-rebut","status":"publish","type":"post","link":"https:\/\/bisbalpenedes.com\/web\/2024\/05\/28\/al-juny-continuen-la-majoria-de-les-activitats-dirigides-al-pavello-si-esteu-inscrits-i-no-heu-de-venir-us-heu-de-donar-de-baixa-per-evitar-que-se-us-cobri-el-rebut\/","title":{"rendered":"Al juny continuen la majoria de les activitats dirigides al Pavell\u00f3: si esteu inscrits i no heu de venir, us heu de donar de baixa per evitar que se us cobri el rebut"},"content":{"rendered":"\n<p>Informaci\u00f3 important per als usuaris i les usu\u00e0ries de les activitats dirigides que es fan al Pavell\u00f3 Esportiu Municipal.<\/p>\n\n\n\n<p>Despr\u00e9s d&#8217;avaluar la demanda de les activitats dirigides per al juny, us informem que:<\/p>\n\n\n\n<p><img loading=\"lazy\" height=\"16\" width=\"16\" alt=\"\u25aa\ufe0f\" src=\"https:\/\/static.xx.fbcdn.net\/images\/emoji.php\/v9\/tcd\/2\/16\/25aa.png\">Al juny podreu continuar fent PILATES, ZUMBA i ESTIRAMENTS<\/p>\n\n\n\n<p><img loading=\"lazy\" height=\"16\" width=\"16\" alt=\"\u25aa\ufe0f\" src=\"https:\/\/static.xx.fbcdn.net\/images\/emoji.php\/v9\/tcd\/2\/16\/25aa.png\">Al <a><\/a>juny no hi haur\u00e0 TONIFICACI\u00d3<\/p>\n\n\n\n<p>Com sabeu, la inscripci\u00f3 per a totes aquestes activitats \u00e9s \u00fanica -nom\u00e9s varia nombre de dies que veniu-, independentment de l\u2019activitat que feu (zumba, tonificaci\u00f3, pilates, estiraments).<\/p>\n\n\n\n<p>Per aquest motiu, feu l&#8217;activitat que feu, si durant el juny no teniu previst venir, us heu d&#8217;adre\u00e7ar a les oficines de l&#8217;Ajuntament de la Bisbal del Pened\u00e8s, per donar-vos de baixa, com a m\u00e0xim el 31 de maig al mat\u00ed.<\/p>\n\n\n\n<p>Esperem que h\u00e0giu gaudit de les activitats durant tot aquest curs!<\/p>\n\n\n\n<hr class=\"wp-block-separator has-alpha-channel-opacity\"\/>\n\n\n\n<p>Informaci\u00f3n importante para los usuarios y las usuarias de las actividades dirigidas que se hacen en el Pavell\u00f3 Esportiu Municipal.<\/p>\n\n\n\n<p>Despu\u00e9s de avaluar la demanda de las actividades dirigidas para el mes de junio, os informamos que:<\/p>\n\n\n\n<p><img loading=\"lazy\" height=\"16\" width=\"16\" alt=\"\u25aa\ufe0f\" src=\"https:\/\/static.xx.fbcdn.net\/images\/emoji.php\/v9\/tcd\/2\/16\/25aa.png\">En junio podr\u00e9is continuar haciendo PILATES, ZUMBA y ESTIRAMIENTOS<\/p>\n\n\n\n<p><img loading=\"lazy\" height=\"16\" width=\"16\" alt=\"\u25aa\ufe0f\" src=\"https:\/\/static.xx.fbcdn.net\/images\/emoji.php\/v9\/tcd\/2\/16\/25aa.png\">En junio no habr\u00e1 TONIFICACI\u00d3N<\/p>\n\n\n\n<p>Como sab\u00e9is, la inscripci\u00f3n para todas estas actividades es \u00fanica -solamente var\u00eda el n\u00famero de d\u00edas que ven\u00eds-, independientemente de la actividad que hag\u00e1is (zumba, tonificaci\u00f3n, pilates, estiramientos). Por este motivo, hag\u00e1is la actividad que hag\u00e1is, si durante el mes de junio no ten\u00e9is previsto venir, os ten\u00e9is que dirigir a las oficinas del Ajuntament de la Bisbal del Pened\u00e8s, para daros de baja, como m\u00e1ximo el 31 de mayo por la ma\u00f1ana.<\/p>\n\n\n\n<p>\u00a1Esperamos que hay\u00e1is disfrutado de las actividades durante todo este curso!<\/p>\n","protected":false},"excerpt":{"rendered":"<p>Informaci\u00f3 important per als usuaris i les usu\u00e0ries de les activitats dirigides que es fan al Pavell\u00f3 Esportiu Municipal. Despr\u00e9s d&#8217;avaluar la demanda de les activitats dirigides per al juny, &hellip; <a href=\"https:\/\/bisbalpenedes.com\/web\/2024\/05\/28\/al-juny-continuen-la-majoria-de-les-activitats-dirigides-al-pavello-si-esteu-inscrits-i-no-heu-de-venir-us-heu-de-donar-de-baixa-per-evitar-que-se-us-cobri-el-rebut\/\" class=\"more-link\">Read More<\/a><\/p>\n","protected":false},"author":4,"featured_media":30396,"comment_status":"closed","ping_status":"closed","sticky":false,"template":"","format":"standard","meta":[],"categories":[19,8],"tags":[2440,459,368,2442,393,6519,1374,805,804,802],"_links":{"self":[{"href":"https:\/\/bisbalpenedes.com\/web\/wp-json\/wp\/v2\/posts\/30395"}],"collection":[{"href":"https:\/\/bisbalpenedes.com\/web\/wp-json\/wp\/v2\/posts"}],"about":[{"href":"https:\/\/bisbalpenedes.com\/web\/wp-json\/wp\/v2\/types\/post"}],"author":[{"embeddable":true,"href":"https:\/\/bisbalpenedes.com\/web\/wp-json\/wp\/v2\/users\/4"}],"replies":[{"embeddable":true,"href":"https:\/\/bisbalpenedes.com\/web\/wp-json\/wp\/v2\/comments?post=30395"}],"version-history":[{"count":1,"href":"https:\/\/bisbalpenedes.com\/web\/wp-json\/wp\/v2\/posts\/30395\/revisions"}],"predecessor-version":[{"id":30397,"href":"https:\/\/bisbalpenedes.com\/web\/wp-json\/wp\/v2\/posts\/30395\/revisions\/30397"}],"wp:featuredmedia":[{"embeddable":true,"href":"https:\/\/bisbalpenedes.com\/web\/wp-json\/wp\/v2\/media\/30396"}],"wp:attachment":[{"href":"https:\/\/bisbalpenedes.com\/web\/wp-json\/wp\/v2\/media?parent=30395"}],"wp:term":[{"taxonomy":"category","embeddable":true,"href":"https:\/\/bisbalpenedes.com\/web\/wp-json\/wp\/v2\/categories?post=30395"},{"taxonomy":"post_tag","embeddable":true,"href":"https:\/\/bisbalpenedes.com\/web\/wp-json\/wp\/v2\/tags?post=30395"}],"curies":[{"name":"wp","href":"https:\/\/api.w.org\/{rel}","templated":true}]}}