{"id":30381,"date":"2024-05-28T20:30:03","date_gmt":"2024-05-28T18:30:03","guid":{"rendered":"https:\/\/bisbalpenedes.com\/web\/?p=30381"},"modified":"2025-09-30T12:51:08","modified_gmt":"2025-09-30T10:51:08","slug":"del-6-al-20-de-juny-gaudiu-de-la-programacio-del-festival-eva-la-bisbal-del-penedes","status":"publish","type":"post","link":"https:\/\/bisbalpenedes.com\/web\/2024\/05\/28\/del-6-al-20-de-juny-gaudiu-de-la-programacio-del-festival-eva-la-bisbal-del-penedes\/","title":{"rendered":"Del 6 al 20 de juny gaudiu de la programaci\u00f3 del Festival EVA  la Bisbal del Pened\u00e8s"},"content":{"rendered":"\n<p>Ja \u00e9s aqu\u00ed el Festival EVA!  Un event cultural format enguany per 4 espectacles totalment originals i diferents pensats per gaudir de la cultura a les nostres contrades  amb el suport econ\u00f2mic del\u00a0<strong>Pla Impulsa 2024\u20132027 de la Diputaci\u00f3 de Tarragona<\/strong>, que ha concedit 11.893,67 \u20ac per dur a terme activitats de caire cultural al nostre municipi<\/p>\n\n\n\n<p>#Cultura #LaBisbaldelPened\u00e8s #ImpulsDipta<br><em>Amb el suport de @Dipta_cat<\/em><\/p>\n\n\n\n<figure class=\"wp-block-image size-large\"><img loading=\"lazy\" width=\"1024\" height=\"1024\" src=\"https:\/\/bisbalpenedes.com\/web\/wp-content\/uploads\/2024\/05\/ENVEUALTA6JUNY-1024x1024.jpg\" alt=\"\" class=\"wp-image-30383\" srcset=\"https:\/\/bisbalpenedes.com\/web\/wp-content\/uploads\/2024\/05\/ENVEUALTA6JUNY-1024x1024.jpg 1024w, https:\/\/bisbalpenedes.com\/web\/wp-content\/uploads\/2024\/05\/ENVEUALTA6JUNY-300x300.jpg 300w, https:\/\/bisbalpenedes.com\/web\/wp-content\/uploads\/2024\/05\/ENVEUALTA6JUNY-150x150.jpg 150w, https:\/\/bisbalpenedes.com\/web\/wp-content\/uploads\/2024\/05\/ENVEUALTA6JUNY-768x768.jpg 768w, https:\/\/bisbalpenedes.com\/web\/wp-content\/uploads\/2024\/05\/ENVEUALTA6JUNY-600x600.jpg 600w, https:\/\/bisbalpenedes.com\/web\/wp-content\/uploads\/2024\/05\/ENVEUALTA6JUNY-100x100.jpg 100w, https:\/\/bisbalpenedes.com\/web\/wp-content\/uploads\/2024\/05\/ENVEUALTA6JUNY.jpg 1080w\" sizes=\"(max-width: 1024px) 100vw, 1024px\" \/><\/figure>\n\n\n\n<ul><li><strong>Dijous 6 de juny, a les 21:00h,<\/strong> &#8220;M\u00edstics&#8221; amb Jordina Biosca i Ravid Goldschmidt (p\u00fablic adult) al CMC<\/li><\/ul>\n\n\n\n<p>Un espectacle que parla de creure, de dubtar i, sobretot, d\u2019una recerca constant entre l\u2019afirmaci\u00f3 m\u00e9s absoluta i el no estar segur o perdre la fe en D\u00e9u. Els nostres m\u00edstics s\u00f3n d\u2019ara i s\u00f3n d\u2019abans: coneixereu la vida de dues dones, Lal Ded (s. xiv) i R\u00e0bia Al-Adawiyya (s. viii), dones santes i ascetes renunciants, i la veu de tres contemporanis de casa, David Jou, Jacint Sala i Josep Palau i Fabre, que han escrit meravellosos cants espirituals que podreu escoltar. I tot, amb el so del hang donant espai i dimensi\u00f3 a totes les veus.<\/p>\n\n\n\n<figure class=\"wp-block-image size-large\"><img loading=\"lazy\" width=\"1024\" height=\"1024\" src=\"https:\/\/bisbalpenedes.com\/web\/wp-content\/uploads\/2024\/05\/ENVEUALTA-13-DE-JUNY-1-1024x1024.jpg\" alt=\"\" class=\"wp-image-30386\" srcset=\"https:\/\/bisbalpenedes.com\/web\/wp-content\/uploads\/2024\/05\/ENVEUALTA-13-DE-JUNY-1-1024x1024.jpg 1024w, https:\/\/bisbalpenedes.com\/web\/wp-content\/uploads\/2024\/05\/ENVEUALTA-13-DE-JUNY-1-300x300.jpg 300w, https:\/\/bisbalpenedes.com\/web\/wp-content\/uploads\/2024\/05\/ENVEUALTA-13-DE-JUNY-1-150x150.jpg 150w, https:\/\/bisbalpenedes.com\/web\/wp-content\/uploads\/2024\/05\/ENVEUALTA-13-DE-JUNY-1-768x768.jpg 768w, https:\/\/bisbalpenedes.com\/web\/wp-content\/uploads\/2024\/05\/ENVEUALTA-13-DE-JUNY-1-600x600.jpg 600w, https:\/\/bisbalpenedes.com\/web\/wp-content\/uploads\/2024\/05\/ENVEUALTA-13-DE-JUNY-1-100x100.jpg 100w, https:\/\/bisbalpenedes.com\/web\/wp-content\/uploads\/2024\/05\/ENVEUALTA-13-DE-JUNY-1.jpg 1080w\" sizes=\"(max-width: 1024px) 100vw, 1024px\" \/><\/figure>\n\n\n\n<ul><li><strong>Dijous 13 de juny, a les 21:30h,<\/strong> &#8220;Hist\u00f2ries d&#8217;indis i altres intents d&#8217;organtizar-se la vida&#8221; amb Juanan Rodr\u00edguez(p\u00fablic adult) a la pla\u00e7a de l&#8217;Esgl\u00e9sia<\/li><\/ul>\n\n\n\n<blockquote class=\"wp-block-quote\"><p>Deixeu-vos estar d\u2019expectatives i entreu de ple en aquest univers Juanan-indis-mitologia-fruites-nans i el que s\u2019escaigui, perqu\u00e8 s\u00ed o s\u00ed en sortireu amb un somriure d\u2019orella a orella i potser, alguns, amb les galtes ben calentes (de qu\u00e8, ja ho decidireu valtros).<\/p><\/blockquote>\n\n\n\n<figure class=\"wp-block-image size-large\"><img loading=\"lazy\" width=\"1024\" height=\"1024\" src=\"https:\/\/bisbalpenedes.com\/web\/wp-content\/uploads\/2024\/05\/ENVEUALTA19DEJUNY-1024x1024.jpg\" alt=\"\" class=\"wp-image-30387\" srcset=\"https:\/\/bisbalpenedes.com\/web\/wp-content\/uploads\/2024\/05\/ENVEUALTA19DEJUNY-1024x1024.jpg 1024w, https:\/\/bisbalpenedes.com\/web\/wp-content\/uploads\/2024\/05\/ENVEUALTA19DEJUNY-300x300.jpg 300w, https:\/\/bisbalpenedes.com\/web\/wp-content\/uploads\/2024\/05\/ENVEUALTA19DEJUNY-150x150.jpg 150w, https:\/\/bisbalpenedes.com\/web\/wp-content\/uploads\/2024\/05\/ENVEUALTA19DEJUNY-768x768.jpg 768w, https:\/\/bisbalpenedes.com\/web\/wp-content\/uploads\/2024\/05\/ENVEUALTA19DEJUNY-600x600.jpg 600w, https:\/\/bisbalpenedes.com\/web\/wp-content\/uploads\/2024\/05\/ENVEUALTA19DEJUNY-100x100.jpg 100w, https:\/\/bisbalpenedes.com\/web\/wp-content\/uploads\/2024\/05\/ENVEUALTA19DEJUNY.jpg 1080w\" sizes=\"(max-width: 1024px) 100vw, 1024px\" \/><\/figure>\n\n\n\n<ul><li><strong>Dimecres 19 de juny, a les 18:00h,<\/strong> &#8220;A la panxa de l&#8217;ou&#8221; amb Mon Mas (p\u00fablic familiar) al pati de l&#8217;escola Ull de Vent<\/li><\/ul>\n\n\n\n<blockquote class=\"wp-block-quote\"><p>A la panxa de l\u2019ou, no hi neva per\u00f2 hi plou! Mira com vola l\u2019elefanta Conxita i balla l\u2019ovella Paquita, escolta com canta el lle\u00f3 Miquel\u00f3 quan Bernat l\u2019Eri\u00e7\u00f3 toca el tromb\u00f3. A la panxa de l&#8217;ou no en tindr\u00e0s mai prou.<\/p><\/blockquote>\n\n\n\n<figure class=\"wp-block-image size-large\"><img loading=\"lazy\" width=\"1024\" height=\"1024\" src=\"https:\/\/bisbalpenedes.com\/web\/wp-content\/uploads\/2024\/05\/ENVEUALTA20DEJUNY-1024x1024.jpg\" alt=\"\" class=\"wp-image-30388\" srcset=\"https:\/\/bisbalpenedes.com\/web\/wp-content\/uploads\/2024\/05\/ENVEUALTA20DEJUNY-1024x1024.jpg 1024w, https:\/\/bisbalpenedes.com\/web\/wp-content\/uploads\/2024\/05\/ENVEUALTA20DEJUNY-300x300.jpg 300w, https:\/\/bisbalpenedes.com\/web\/wp-content\/uploads\/2024\/05\/ENVEUALTA20DEJUNY-150x150.jpg 150w, https:\/\/bisbalpenedes.com\/web\/wp-content\/uploads\/2024\/05\/ENVEUALTA20DEJUNY-768x768.jpg 768w, https:\/\/bisbalpenedes.com\/web\/wp-content\/uploads\/2024\/05\/ENVEUALTA20DEJUNY-600x600.jpg 600w, https:\/\/bisbalpenedes.com\/web\/wp-content\/uploads\/2024\/05\/ENVEUALTA20DEJUNY-100x100.jpg 100w, https:\/\/bisbalpenedes.com\/web\/wp-content\/uploads\/2024\/05\/ENVEUALTA20DEJUNY.jpg 1080w\" sizes=\"(max-width: 1024px) 100vw, 1024px\" \/><\/figure>\n\n\n\n<ul><li><strong>Dijous 20 de juny, a les 21:30h<\/strong>, &#8220;Absenta, el cl\u00e0ssic de l&#8217;EVA&#8221; amb Quimet Pla i N\u00faria Solina (p\u00fablic adult) a l&#8217;Ortig\u00f3s.<\/li><\/ul>\n\n\n\n<blockquote class=\"wp-block-quote\"><p>Un homenatge a tots els poetes i artistes del sector \u201cnegre\u201d i anarquista del modernisme catal\u00e0. A la vegada, un reconeixement als autors que tenen la virtut d\u2019arribar a l\u2019espectador a cops de geni, sense embuts, i directes com el xiulet d\u2019una sageta, malauradament poc valorats en ambients acad\u00e8mics, pel seu llenguatge planer i popular.<\/p><p>Quimet Pla aposta per un espectacle vibrant i en\u00e8rgic, condu\u00eft pel seu alter ego Valent\u00ed Piula i Poc, que interpreta un reguitzell de personatges desempolsats de l\u2019armari del vodevil, el cabaret i el caf\u00e8 teatre. Tots ells s\u00f3n fills de l\u2019ambient d\u2019efervesc\u00e8ncia i excitaci\u00f3 que bullia en el m\u00edtic local barcelon\u00ed Els Quatre Gats, en el moment de m\u00e0xima esplendor. L\u2019acompanyament, en el sentit de fer\u2010li companyia, va a c\u00e0rrec de la senyoreta Eul\u00e0lia Pi i Bord, especialista en efectes especials i m\u00fasica de Brams.<\/p><\/blockquote>\n\n\n\n<p><\/p>\n\n\n\n<figure class=\"wp-block-image size-large\"><img loading=\"lazy\" width=\"1024\" height=\"203\" src=\"https:\/\/bisbalpenedes.com\/web\/wp-content\/uploads\/2025\/09\/peudipta-1024x203.jpg\" alt=\"\" class=\"wp-image-34862\" srcset=\"https:\/\/bisbalpenedes.com\/web\/wp-content\/uploads\/2025\/09\/peudipta-1024x203.jpg 1024w, https:\/\/bisbalpenedes.com\/web\/wp-content\/uploads\/2025\/09\/peudipta-300x59.jpg 300w, https:\/\/bisbalpenedes.com\/web\/wp-content\/uploads\/2025\/09\/peudipta-768x152.jpg 768w, https:\/\/bisbalpenedes.com\/web\/wp-content\/uploads\/2025\/09\/peudipta-600x119.jpg 600w, https:\/\/bisbalpenedes.com\/web\/wp-content\/uploads\/2025\/09\/peudipta.jpg 1374w\" sizes=\"(max-width: 1024px) 100vw, 1024px\" \/><\/figure>\n","protected":false},"excerpt":{"rendered":"<p>Ja \u00e9s aqu\u00ed el Festival EVA! Un event cultural format enguany per 4 espectacles totalment originals i diferents pensats per gaudir de la cultura a les nostres contrades amb el &hellip; <a href=\"https:\/\/bisbalpenedes.com\/web\/2024\/05\/28\/del-6-al-20-de-juny-gaudiu-de-la-programacio-del-festival-eva-la-bisbal-del-penedes\/\" class=\"more-link\">Read More<\/a><\/p>\n","protected":false},"author":4,"featured_media":30390,"comment_status":"closed","ping_status":"closed","sticky":false,"template":"","format":"standard","meta":[],"categories":[2942,13,8],"tags":[459,225,1807,6719,6661,6663,393,6662,6664,1374,6665],"_links":{"self":[{"href":"https:\/\/bisbalpenedes.com\/web\/wp-json\/wp\/v2\/posts\/30381"}],"collection":[{"href":"https:\/\/bisbalpenedes.com\/web\/wp-json\/wp\/v2\/posts"}],"about":[{"href":"https:\/\/bisbalpenedes.com\/web\/wp-json\/wp\/v2\/types\/post"}],"author":[{"embeddable":true,"href":"https:\/\/bisbalpenedes.com\/web\/wp-json\/wp\/v2\/users\/4"}],"replies":[{"embeddable":true,"href":"https:\/\/bisbalpenedes.com\/web\/wp-json\/wp\/v2\/comments?post=30381"}],"version-history":[{"count":7,"href":"https:\/\/bisbalpenedes.com\/web\/wp-json\/wp\/v2\/posts\/30381\/revisions"}],"predecessor-version":[{"id":34863,"href":"https:\/\/bisbalpenedes.com\/web\/wp-json\/wp\/v2\/posts\/30381\/revisions\/34863"}],"wp:featuredmedia":[{"embeddable":true,"href":"https:\/\/bisbalpenedes.com\/web\/wp-json\/wp\/v2\/media\/30390"}],"wp:attachment":[{"href":"https:\/\/bisbalpenedes.com\/web\/wp-json\/wp\/v2\/media?parent=30381"}],"wp:term":[{"taxonomy":"category","embeddable":true,"href":"https:\/\/bisbalpenedes.com\/web\/wp-json\/wp\/v2\/categories?post=30381"},{"taxonomy":"post_tag","embeddable":true,"href":"https:\/\/bisbalpenedes.com\/web\/wp-json\/wp\/v2\/tags?post=30381"}],"curies":[{"name":"wp","href":"https:\/\/api.w.org\/{rel}","templated":true}]}}