{"id":30375,"date":"2024-05-28T12:44:37","date_gmt":"2024-05-28T10:44:37","guid":{"rendered":"https:\/\/bisbalpenedes.com\/web\/?p=30375"},"modified":"2024-05-28T12:44:37","modified_gmt":"2024-05-28T10:44:37","slug":"sha-aprovat-la-segona-modificacio-del-projecte-de-les-obres-de-la-fassina","status":"publish","type":"post","link":"https:\/\/bisbalpenedes.com\/web\/2024\/05\/28\/sha-aprovat-la-segona-modificacio-del-projecte-de-les-obres-de-la-fassina\/","title":{"rendered":"<strong>S\u2019ha aprovat la segona modificaci\u00f3 del projecte de les obres de la fassina<\/strong>"},"content":{"rendered":"\n<p>La Junta de Govern del 27 de maig ha aprovat, a petici\u00f3 de les regidories d\u2019Urbanisme, Cultura i Medi Ambient, la segona modificaci\u00f3 del projecte de les obres de la fassina amb l\u2019objectiu d\u2019ampliar el pati interior i modificar el local de la colla castellera i l\u2019espai per a l\u2019ADF Clot de Bou.<\/p>\n\n\n\n<p>El passat mes de desembre de 2023 es va fer una primera modificaci\u00f3 del projecte per afegir-hi obres no incloses en el projecte que, segons explica l\u2019equip de govern \u201cno es podien detectar fins que van comen\u00e7ar les obres de la torre de la fassina\u201d. Aquestes inclo\u00efen: recal\u00e7ar la fonamentaci\u00f3 dels dos murs de c\u00e0rrega exterior de la torre, refor\u00e7os estructurals i estintolaments. Ara, s\u2019ha aprovat una segona modificaci\u00f3 del projecte per ampliar el pati interior i modificar els altres dos espais, \u00e9s a dir, el local per a la colla castellera i l\u2019espai per a l\u2019ADF.<\/p>\n\n\n\n<p>El cost total de les obres, amb aquestes modificacions incloses, ascendeix a 783.057,12\u20ac (IVA incl\u00f2s) i est\u00e0 previst que les obres finalitzin a finals del mes de juliol.<\/p>\n\n\n\n<p>Aquest punt de l\u2019ordre del dia era amb compet\u00e8ncies del Ple delegades a la Junta de Govern. Amb l\u2019objectiu de garantir la publicitat d\u2019aquest punt, l\u2019explicaci\u00f3 i l\u2019aprovaci\u00f3 d\u2019aquest es va gravar i podeu veure el v\u00eddeo en aquest enlla\u00e7: <a href=\"https:\/\/actes.bisbalpenedes.com\/session\/sessionDetail\/8a8080848acca6ef018fbe2f0ea500b4\">https:\/\/actes.bisbalpenedes.com\/session\/sessionDetail\/8a8080848acca6ef018fbe2f0ea500b4<\/a><\/p>\n\n\n\n<hr class=\"wp-block-separator has-alpha-channel-opacity\"\/>\n\n\n\n<p><strong>CASTELLANO |<\/strong> La Junta de Gobierno ha aprobado, a petici\u00f3n de las concejal\u00edas de Urbanismo, Cultura y Medio Ambiente, la segunda modificaci\u00f3n del proyecto de las obras de la \u2018fassina\u2019 con el objetivo de ampliar el patio interior y modificar el local de la colla castellera y el espacio para la ADF Clot de Bou.<\/p>\n\n\n\n<p>El pasado mes de diciembre del 2023 se hizo una primera modificaci\u00f3n del proyecto para a\u00f1adir obras no incluidas en el proyecto que, seg\u00fan explica el equipo de gobierno <em>\u201cno se pod\u00edan detectar hasta que empezaron las obras de la torre de la fassina\u201d.<\/em> Estas inclu\u00edan: recalzar la cimentaci\u00f3n de los dos muros de carga exterior de la torre, refuerzos estructurales y entibaciones. Ahora, se ha aprobado una segunda modificaci\u00f3n del proyecto para ampliar el patio interior y modificar los otros dos espacios, es decir, el local para la colla castellera y el espacio para la ADF.<\/p>\n\n\n\n<p>El coste total de las obras, con estas modificaciones incluidas, asciende a 783.057,12\u20ac (IVA incluido) y est\u00e1 previsto que las obras finalicen a finales del mes de julio.<\/p>\n\n\n\n<p>Este punto del orden del d\u00eda era con competencias del Pleno delegadas a la Junta de Gobierno. Con el objetivo de garantizar la publicidad de este punto, la explicaci\u00f3n y la aprobaci\u00f3n de este se grab\u00f3 y pod\u00e9is ver el v\u00eddeo en este enlace: <a href=\"https:\/\/actes.bisbalpenedes.com\/session\/sessionDetail\/8a8080848acca6ef018fbe2f0ea500b4\">https:\/\/actes.bisbalpenedes.com\/session\/sessionDetail\/8a8080848acca6ef018fbe2f0ea500b4<\/a><\/p>\n","protected":false},"excerpt":{"rendered":"<p>La Junta de Govern del 27 de maig ha aprovat, a petici\u00f3 de les regidories d\u2019Urbanisme, Cultura i Medi Ambient, la segona modificaci\u00f3 del projecte de les obres de la &hellip; <a href=\"https:\/\/bisbalpenedes.com\/web\/2024\/05\/28\/sha-aprovat-la-segona-modificacio-del-projecte-de-les-obres-de-la-fassina\/\" class=\"more-link\">Read More<\/a><\/p>\n","protected":false},"author":4,"featured_media":30376,"comment_status":"closed","ping_status":"closed","sticky":false,"template":"","format":"standard","meta":[],"categories":[13,32,8,15],"tags":[1775,459,378,4538,4302,686,393,3504,21,1374],"_links":{"self":[{"href":"https:\/\/bisbalpenedes.com\/web\/wp-json\/wp\/v2\/posts\/30375"}],"collection":[{"href":"https:\/\/bisbalpenedes.com\/web\/wp-json\/wp\/v2\/posts"}],"about":[{"href":"https:\/\/bisbalpenedes.com\/web\/wp-json\/wp\/v2\/types\/post"}],"author":[{"embeddable":true,"href":"https:\/\/bisbalpenedes.com\/web\/wp-json\/wp\/v2\/users\/4"}],"replies":[{"embeddable":true,"href":"https:\/\/bisbalpenedes.com\/web\/wp-json\/wp\/v2\/comments?post=30375"}],"version-history":[{"count":1,"href":"https:\/\/bisbalpenedes.com\/web\/wp-json\/wp\/v2\/posts\/30375\/revisions"}],"predecessor-version":[{"id":30377,"href":"https:\/\/bisbalpenedes.com\/web\/wp-json\/wp\/v2\/posts\/30375\/revisions\/30377"}],"wp:featuredmedia":[{"embeddable":true,"href":"https:\/\/bisbalpenedes.com\/web\/wp-json\/wp\/v2\/media\/30376"}],"wp:attachment":[{"href":"https:\/\/bisbalpenedes.com\/web\/wp-json\/wp\/v2\/media?parent=30375"}],"wp:term":[{"taxonomy":"category","embeddable":true,"href":"https:\/\/bisbalpenedes.com\/web\/wp-json\/wp\/v2\/categories?post=30375"},{"taxonomy":"post_tag","embeddable":true,"href":"https:\/\/bisbalpenedes.com\/web\/wp-json\/wp\/v2\/tags?post=30375"}],"curies":[{"name":"wp","href":"https:\/\/api.w.org\/{rel}","templated":true}]}}