{"id":30370,"date":"2024-05-28T12:26:46","date_gmt":"2024-05-28T10:26:46","guid":{"rendered":"https:\/\/bisbalpenedes.com\/web\/?p=30370"},"modified":"2024-05-28T12:26:46","modified_gmt":"2024-05-28T10:26:46","slug":"el-divendres-31-de-maig-podreu-visitar-la-nova-escala-de-la-miralba-i-gaudir-dun-berenar-i-sopar-i-duna-actuacio-musical","status":"publish","type":"post","link":"https:\/\/bisbalpenedes.com\/web\/2024\/05\/28\/el-divendres-31-de-maig-podreu-visitar-la-nova-escala-de-la-miralba-i-gaudir-dun-berenar-i-sopar-i-duna-actuacio-musical\/","title":{"rendered":"El divendres 31 de maig podreu visitar la nova escala de la Miralba i gaudir d&#8217;un berenar i sopar i d&#8217;una actuaci\u00f3 musical"},"content":{"rendered":"\n<p>Aquest divendres, a les 18h, veniu a visitar l\u2019escala que han fet diversos ve\u00efns de la Miralba, gaudiu d\u2019un berenar i sopar i canteu i balleu amb el Duet Alma.<\/p>\n\n\n\n<p>Des d\u2019aqu\u00ed felicitem l\u2019empenta d\u2019aquests ve\u00efns, que han estat setmanes treballant en benefici de la comunitat, amb la il\u00b7lusi\u00f3 de millorar el seu barri amb les seves pr\u00f2pies mans, treball i esfor\u00e7. <img loading=\"lazy\" height=\"16\" width=\"16\" src=\"https:\/\/static.xx.fbcdn.net\/images\/emoji.php\/v9\/t3b\/2\/16\/1f9f1.png\" alt=\"\ud83e\uddf1\">Abans de dur a terme l\u2019obra, aquests ve\u00efns van plantejar la idea a l\u2019Ajuntament de la Bisbal del Pened\u00e8s, que els ha cedit el material per dur-la a terme.<\/p>\n\n\n\n<hr class=\"wp-block-separator has-alpha-channel-opacity\"\/>\n\n\n\n<p><strong>CASTELLANO |\u00a0<\/strong>Este viernes, a las 18h, venid a visitar la escalera que han hecho varios vecinos de la Miralba, disfrutad de una merienda y cena y cantad y bailad con el Duet Alma.<\/p>\n\n\n\n<p>Desde aqu\u00ed felicitamos el empuje de estos vecinos, que han estado semanas trabajando en beneficio de la comunidad, con la ilusi\u00f3n de mejorar su barrio con sus propias manos, trabajo y esfuerzo. Antes de llevar a cabo la obra, estos vecinos le plantearon la idea al Ajuntament de la Bisbal del Pened\u00e8s, que les ha cedido el material para llevarla a cabo.<\/p>\n","protected":false},"excerpt":{"rendered":"<p>Aquest divendres, a les 18h, veniu a visitar l\u2019escala que han fet diversos ve\u00efns de la Miralba, gaudiu d\u2019un berenar i sopar i canteu i balleu amb el Duet Alma. &hellip; <a href=\"https:\/\/bisbalpenedes.com\/web\/2024\/05\/28\/el-divendres-31-de-maig-podreu-visitar-la-nova-escala-de-la-miralba-i-gaudir-dun-berenar-i-sopar-i-duna-actuacio-musical\/\" class=\"more-link\">Read More<\/a><\/p>\n","protected":false},"author":4,"featured_media":30371,"comment_status":"closed","ping_status":"closed","sticky":false,"template":"","format":"standard","meta":[],"categories":[2942,4287,8],"tags":[459,6660,393,246,144],"_links":{"self":[{"href":"https:\/\/bisbalpenedes.com\/web\/wp-json\/wp\/v2\/posts\/30370"}],"collection":[{"href":"https:\/\/bisbalpenedes.com\/web\/wp-json\/wp\/v2\/posts"}],"about":[{"href":"https:\/\/bisbalpenedes.com\/web\/wp-json\/wp\/v2\/types\/post"}],"author":[{"embeddable":true,"href":"https:\/\/bisbalpenedes.com\/web\/wp-json\/wp\/v2\/users\/4"}],"replies":[{"embeddable":true,"href":"https:\/\/bisbalpenedes.com\/web\/wp-json\/wp\/v2\/comments?post=30370"}],"version-history":[{"count":1,"href":"https:\/\/bisbalpenedes.com\/web\/wp-json\/wp\/v2\/posts\/30370\/revisions"}],"predecessor-version":[{"id":30373,"href":"https:\/\/bisbalpenedes.com\/web\/wp-json\/wp\/v2\/posts\/30370\/revisions\/30373"}],"wp:featuredmedia":[{"embeddable":true,"href":"https:\/\/bisbalpenedes.com\/web\/wp-json\/wp\/v2\/media\/30371"}],"wp:attachment":[{"href":"https:\/\/bisbalpenedes.com\/web\/wp-json\/wp\/v2\/media?parent=30370"}],"wp:term":[{"taxonomy":"category","embeddable":true,"href":"https:\/\/bisbalpenedes.com\/web\/wp-json\/wp\/v2\/categories?post=30370"},{"taxonomy":"post_tag","embeddable":true,"href":"https:\/\/bisbalpenedes.com\/web\/wp-json\/wp\/v2\/tags?post=30370"}],"curies":[{"name":"wp","href":"https:\/\/api.w.org\/{rel}","templated":true}]}}