{"id":30366,"date":"2024-05-28T12:07:18","date_gmt":"2024-05-28T10:07:18","guid":{"rendered":"https:\/\/bisbalpenedes.com\/web\/?p=30366"},"modified":"2024-05-28T12:07:18","modified_gmt":"2024-05-28T10:07:18","slug":"la-placa-pau-casals-tindra-un-refrugi-climatic-per-protegir-se-en-els-dies-daltes-temperatures","status":"publish","type":"post","link":"https:\/\/bisbalpenedes.com\/web\/2024\/05\/28\/la-placa-pau-casals-tindra-un-refrugi-climatic-per-protegir-se-en-els-dies-daltes-temperatures\/","title":{"rendered":"La pla\u00e7a Pau Casals tindr\u00e0 un refrugi clim\u00e0tic per protegir-se en els dies d&#8217;altes temperatures"},"content":{"rendered":"\n<p>S\u2019aprova adequar un espai a la pla\u00e7a Pau Casals per convertir-lo en refugi clim\u00e0tic.<\/p>\n\n\n\n<p>La Junta de Govern ha aprovat, a petici\u00f3 de la Regidoria de Medi Ambient, la contractaci\u00f3 de la instal\u00b7laci\u00f3 d\u2019una vela tensada per cobrir un espai aproximat de 14m x 7,5m. Aquest espai se situar\u00e0 al l\u00edmit nord-est de la pla\u00e7a Pau Casals i actuar\u00e0 com a refugi clim\u00e0tic i espai de confort per protegir-se del sol i de les altes temperatures durant els dies m\u00e9s calorosos de l\u2019any. Per dur a terme aquests treballs es contracta l\u2019empresa Happyludic Playground and urban equipment, SL. per 31.381,35\u20ac.<\/p>\n\n\n\n<p>L\u2019obra inclou la instal\u00b7laci\u00f3 i el subministrament de tensors i d\u2019una vela amb teixit amb filtre solar de &gt;90% per cobrir part de l\u2019espai de la pla\u00e7a Pau Casals.<\/p>\n\n\n\n<hr class=\"wp-block-separator has-alpha-channel-opacity\"\/>\n\n\n\n<p><strong>CASTELLANO | <\/strong>Se aprueba adecuar un espacio en la plaza Pau Casals para convertirlo en refugio clim\u00e1tico.<\/p>\n\n\n\n<p>La Junta de Gobierno ha aprobado, a petici\u00f3n de la Concejal\u00eda de Medio Ambiente, la contrataci\u00f3n de la instalaci\u00f3n de una vela tensada para cubrir un espacio aproximado de 14m x 7,5m. Este espacio se situar\u00e1 en el l\u00edmite nordeste de la plaza Pau Casals y actuar\u00e1 como refugio clim\u00e1tico y espacio de confort para protegerse del sol y de las altas temperaturas durante los d\u00edas m\u00e1s calurosos del a\u00f1o. Para llevar a cabo estos trabajos se contrata a la empresa Happyludic Playground and urban equipment, SL. por 31.381,35\u20ac.<\/p>\n\n\n\n<p>La obra incluye la instalaci\u00f3n y el suministro de tensores y de una vela con tejido con filtro solar de &gt;90% para cubrir parte del espacio de la plaza Pau Casals.<\/p>\n","protected":false},"excerpt":{"rendered":"<p>S\u2019aprova adequar un espai a la pla\u00e7a Pau Casals per convertir-lo en refugi clim\u00e0tic. La Junta de Govern ha aprovat, a petici\u00f3 de la Regidoria de Medi Ambient, la contractaci\u00f3 &hellip; <a href=\"https:\/\/bisbalpenedes.com\/web\/2024\/05\/28\/la-placa-pau-casals-tindra-un-refrugi-climatic-per-protegir-se-en-els-dies-daltes-temperatures\/\" class=\"more-link\">Read More<\/a><\/p>\n","protected":false},"author":4,"featured_media":30367,"comment_status":"closed","ping_status":"closed","sticky":false,"template":"","format":"standard","meta":[],"categories":[32,8],"tags":[459,393,3749,6658],"_links":{"self":[{"href":"https:\/\/bisbalpenedes.com\/web\/wp-json\/wp\/v2\/posts\/30366"}],"collection":[{"href":"https:\/\/bisbalpenedes.com\/web\/wp-json\/wp\/v2\/posts"}],"about":[{"href":"https:\/\/bisbalpenedes.com\/web\/wp-json\/wp\/v2\/types\/post"}],"author":[{"embeddable":true,"href":"https:\/\/bisbalpenedes.com\/web\/wp-json\/wp\/v2\/users\/4"}],"replies":[{"embeddable":true,"href":"https:\/\/bisbalpenedes.com\/web\/wp-json\/wp\/v2\/comments?post=30366"}],"version-history":[{"count":1,"href":"https:\/\/bisbalpenedes.com\/web\/wp-json\/wp\/v2\/posts\/30366\/revisions"}],"predecessor-version":[{"id":30368,"href":"https:\/\/bisbalpenedes.com\/web\/wp-json\/wp\/v2\/posts\/30366\/revisions\/30368"}],"wp:featuredmedia":[{"embeddable":true,"href":"https:\/\/bisbalpenedes.com\/web\/wp-json\/wp\/v2\/media\/30367"}],"wp:attachment":[{"href":"https:\/\/bisbalpenedes.com\/web\/wp-json\/wp\/v2\/media?parent=30366"}],"wp:term":[{"taxonomy":"category","embeddable":true,"href":"https:\/\/bisbalpenedes.com\/web\/wp-json\/wp\/v2\/categories?post=30366"},{"taxonomy":"post_tag","embeddable":true,"href":"https:\/\/bisbalpenedes.com\/web\/wp-json\/wp\/v2\/tags?post=30366"}],"curies":[{"name":"wp","href":"https:\/\/api.w.org\/{rel}","templated":true}]}}