{"id":30352,"date":"2024-06-05T00:00:00","date_gmt":"2024-06-04T22:00:00","guid":{"rendered":"https:\/\/bisbalpenedes.com\/web\/?p=30352"},"modified":"2024-05-23T09:39:14","modified_gmt":"2024-05-23T07:39:14","slug":"avui-dimeres-5-de-juny-es-el-dia-mundial-del-medi-ambient-i-al-vespre-la-facana-de-la-casa-de-la-vila-silluminara-de-color-verd","status":"publish","type":"post","link":"https:\/\/bisbalpenedes.com\/web\/2024\/06\/05\/avui-dimeres-5-de-juny-es-el-dia-mundial-del-medi-ambient-i-al-vespre-la-facana-de-la-casa-de-la-vila-silluminara-de-color-verd\/","title":{"rendered":"Avui dimeres 5 de juny \u00e9s el Dia Mundial del Medi Ambient i al vespre la fa\u00e7ana de La Casa de la Vila s&#8217;il\u00b7luminar\u00e0 de color verd"},"content":{"rendered":"\n<p>Avui dimecres \u00e9s el Dia Mundial del Medi Ambient.<\/p>\n\n\n\n<p>Enguany, la jornada se centra en la restauraci\u00f3 de les terres, la resist\u00e8ncia a la sequera i la desertificaci\u00f3, sota el lema &#8220;Les nostres terres. El nostre futur. Som la #Generaci\u00f3Restauraci\u00f3&#8221;.<\/p>\n\n\n\n<p>Amb motiu d&#8217;aquesta jornada, aquest vespre la Casa de la Vila s&#8217;il\u00b7luminar\u00e0 de color verd.<\/p>\n\n\n\n<hr class=\"wp-block-separator has-alpha-channel-opacity\"\/>\n\n\n\n<p><strong>CASTELLANO | <\/strong>Hoy mi\u00e9rcoles es el D\u00eda Mundial del Medio Ambiente.<\/p>\n\n\n\n<p>Este a\u00f1o, la jornada se centra en la restauraci\u00f3n de las tierras, la resistencia a la sequ\u00eda y la desertificaci\u00f3n, bajo el lema &#8220;Nuestras tierras. Nuestro futuro. Somos la #Generaci\u00f3nRestauraci\u00f3n&#8221;.<\/p>\n\n\n\n<p>Con motivo de esta jornada, hoy al anochecer la Casa de la Vila se iluminar\u00e1 de color verde.<\/p>\n\n\n\n<p><\/p>\n","protected":false},"excerpt":{"rendered":"<p>Avui dimecres \u00e9s el Dia Mundial del Medi Ambient. Enguany, la jornada se centra en la restauraci\u00f3 de les terres, la resist\u00e8ncia a la sequera i la desertificaci\u00f3, sota el &hellip; <a href=\"https:\/\/bisbalpenedes.com\/web\/2024\/06\/05\/avui-dimeres-5-de-juny-es-el-dia-mundial-del-medi-ambient-i-al-vespre-la-facana-de-la-casa-de-la-vila-silluminara-de-color-verd\/\" class=\"more-link\">Read More<\/a><\/p>\n","protected":false},"author":4,"featured_media":30353,"comment_status":"closed","ping_status":"closed","sticky":false,"template":"","format":"standard","meta":[],"categories":[2402,8],"tags":[459,4557,393,4729],"_links":{"self":[{"href":"https:\/\/bisbalpenedes.com\/web\/wp-json\/wp\/v2\/posts\/30352"}],"collection":[{"href":"https:\/\/bisbalpenedes.com\/web\/wp-json\/wp\/v2\/posts"}],"about":[{"href":"https:\/\/bisbalpenedes.com\/web\/wp-json\/wp\/v2\/types\/post"}],"author":[{"embeddable":true,"href":"https:\/\/bisbalpenedes.com\/web\/wp-json\/wp\/v2\/users\/4"}],"replies":[{"embeddable":true,"href":"https:\/\/bisbalpenedes.com\/web\/wp-json\/wp\/v2\/comments?post=30352"}],"version-history":[{"count":1,"href":"https:\/\/bisbalpenedes.com\/web\/wp-json\/wp\/v2\/posts\/30352\/revisions"}],"predecessor-version":[{"id":30354,"href":"https:\/\/bisbalpenedes.com\/web\/wp-json\/wp\/v2\/posts\/30352\/revisions\/30354"}],"wp:featuredmedia":[{"embeddable":true,"href":"https:\/\/bisbalpenedes.com\/web\/wp-json\/wp\/v2\/media\/30353"}],"wp:attachment":[{"href":"https:\/\/bisbalpenedes.com\/web\/wp-json\/wp\/v2\/media?parent=30352"}],"wp:term":[{"taxonomy":"category","embeddable":true,"href":"https:\/\/bisbalpenedes.com\/web\/wp-json\/wp\/v2\/categories?post=30352"},{"taxonomy":"post_tag","embeddable":true,"href":"https:\/\/bisbalpenedes.com\/web\/wp-json\/wp\/v2\/tags?post=30352"}],"curies":[{"name":"wp","href":"https:\/\/api.w.org\/{rel}","templated":true}]}}