{"id":30348,"date":"2024-02-06T09:09:00","date_gmt":"2024-02-06T07:09:00","guid":{"rendered":"https:\/\/bisbalpenedes.com\/web\/?p=30348"},"modified":"2024-05-23T09:17:20","modified_gmt":"2024-05-23T07:17:20","slug":"calendari-dilluminacions-commemoratives-i-reivindicatives-de-la-facana-de-la-casa-de-la-vila-per-al-2024","status":"publish","type":"post","link":"https:\/\/bisbalpenedes.com\/web\/2024\/02\/06\/calendari-dilluminacions-commemoratives-i-reivindicatives-de-la-facana-de-la-casa-de-la-vila-per-al-2024\/","title":{"rendered":"Calendari d\u2019il\u00b7luminacions commemoratives i reivindicatives de la fa\u00e7ana de la Casa de la Vila per al 2024"},"content":{"rendered":"\n<p>La fa\u00e7ana de l\u2019Ajuntament de la Bisbal del Pened\u00e8s s\u2019il\u00b7lumina durant tot l\u2019any amb diferents colors amb l\u2019objectiu de commemorar o reivindicar diversos dies mundials amb causes i motius que considerem importants. Aquest 2024, les il\u00b7luminacions previstes seran les seg\u00fcents:<\/p>\n\n\n\n<p><strong>Dimecres 24 de gener: Dia internacional de l\u2019educaci\u00f3, color blanc.<\/strong><\/p>\n\n\n\n<p>El desembre de l\u2019any 2018, l\u2019Assemblea General de les Nacions Unides va proclamar el 24 de gener Dia Internacional de l\u2019Educaci\u00f3 en commemoraci\u00f3 del paper que l\u2019educaci\u00f3 exerceix en la pau i en el desenvolupament, reafirmant el fet que l\u2019educaci\u00f3 \u00e9s un dret hum\u00e0, un b\u00e9 p\u00fablic i una responsabilitat col\u00b7lectiva.<\/p>\n\n\n\n<p><strong>Diumenge 4 de febrer: Dia mundial contra el c\u00e0ncer, color rosa<\/strong><\/p>\n\n\n\n<p>Es commemora per augmentar la conscienciaci\u00f3 i per mobilitzar la societat per avan\u00e7ar en la prevenci\u00f3 i el control de la malaltia.<\/p>\n\n\n\n<p><strong>Dimecres 28 de febrer: Dia mundial de les malalties minorit\u00e0ries, color verd<\/strong><\/p>\n\n\n\n<p>Promogut per l\u2019Organitzaci\u00f3 Europea de Malalties Minorit\u00e0ries (EURORDIS), el Dia Mundial de les Malalties Minorit\u00e0ries t\u00e9 l\u2019objectiu de donar a con\u00e8ixer les malalties rares i posicionar-les com una prioritat social i sanit\u00e0ria.<\/p>\n\n\n\n<p>Les malalties minorit\u00e0ries s\u00f3n greus, poc freq\u00fcents i afecten 5 de cada 10.000 persones. N\u2019hi ha m\u00e9s de 7.000, un 80% de les quals s\u00f3n d\u2019origen gen\u00e8tic. Generalment, impliquen diversos \u00f2rgans i afecten les capacitats f\u00edsiques, les habilitats mentals i les qualitats sensorials i de comportament de les persones afectades. Poden apar\u00e8ixer des del naixement o la infantesa, per\u00f2 n\u2019hi ha que no es manifesten fins a l\u2019edat adulta.<\/p>\n\n\n\n<p><strong>Divendres 8 de mar\u00e7: Dia internacional de la Dona, color lila<\/strong><\/p>\n\n\n\n<p>Es commemora la lluita de les dones per a la seva participaci\u00f3, juntament amb els homes, en l\u2019\u00e0mbit laboral, aix\u00ed com la independ\u00e8ncia econ\u00f2mica de la dona.<\/p>\n\n\n\n<p>El 1972 l\u2019Assemblea General de les Nacions Unides va declarar el 1975 Any Internacional de la Dona, i el 1977 va convidar tots els estats a declarar, conforme a les seves tradicions hist\u00f2riques i costums nacionals, un dia com a Dia Internacional per als Drets de la dona i la Pau internacional.<\/p>\n\n\n\n<p><strong>Dijous 21 de mar\u00e7: Dia mundial de la S\u00edndrome de Down, color blau<\/strong><\/p>\n\n\n\n<p>Data designada per l\u2019Organitzaci\u00f3 de les Nacions Unides (ONU) el desembre de 2011. Es va triar aquesta data perqu\u00e8 \u00e9s el dia 21 del mes n\u00famero tres, que simbolitza la trisomia del cromosoma 21, origin\u00e0ria de la s\u00edndrome de Down.<\/p>\n\n\n\n<p><strong>Divendres 22 de mar\u00e7: Dia mundial de l\u2019aigua, color blau<\/strong><\/p>\n\n\n\n<p>Va ser declarat per resoluci\u00f3 de l\u2019Assemblea General de les Nacions Unides el 22 de mar\u00e7 de l\u2019any 1993, a proposta de l\u2019Agenda 21 de la Confer\u00e8ncia de les Nacions Unides pel medi ambient i el desenvolupament de Rio de Janeiro. T\u00e9 per objectiu conscienciar sobre la crisi mundial de l\u2019aigua i la necessitat de buscar mesures per preservar aquest recurs natural i fer-lo arribar a tota la poblaci\u00f3 mundial.<\/p>\n\n\n\n<p><strong>Dimarts 2 d\u2019abril: Dia mundial de la conscienciaci\u00f3 de l\u2019autisme, color blau<\/strong><\/p>\n\n\n\n<p>Va ser declarat per resoluci\u00f3 de l\u2019Assemblea General de les Nacions Unides el 2007 per la conscienciaci\u00f3 social cap a les persones autistes.<\/p>\n\n\n\n<p><strong>Diumenge 12 de maig: Dia mundial de la fibromi\u00e0lgia i la s\u00edndrome de fatiga cr\u00f2nica, color blau fosc<\/strong><\/p>\n\n\n\n<p>Declarat el 1992 per l\u2019Organitzaci\u00f3 Mundial de la Salut, coincidint amb el dia del naixement de la infermera Florence Nightingale, que es va passar 50 anys al llit per aquesta malaltia.<\/p>\n\n\n\n<p><strong>Dimecres 5 de juny: Dia mundial del medi ambient, color verd<\/strong><\/p>\n\n\n\n<p>Establert per l\u2019Assemblea General de les Nacions Unides el desembre de 1972, t\u00e9 per objecte estimular la sensibilitzaci\u00f3 mundial sobre el medi ambient.<\/p>\n\n\n\n<p><strong>Divendres 14 de juny: Dia Mundial del donant de sang, color vermell<\/strong><\/p>\n\n\n\n<p>Declarat per l\u2019Organitzaci\u00f3 Mundial de la Salut per sensibilitzar sobre la necessitat de donar sang de forma regular i d\u2019aconseguir l\u2019autosufici\u00e8ncia de cada pa\u00eds per atendre els malalts que requereixen ter\u00e0pies que nom\u00e9s poden dur-se a terme amb les donacions de sang.<\/p>\n\n\n\n<p><strong>Divendres 28 de juny: Dia internacional de l\u2019Orgull LGTBI+, color groc<\/strong><\/p>\n\n\n\n<p>Per la toler\u00e0ncia i la igualtat de les persones lesbianes, gais, bisexuals, transsexuals, intersexuals, queer i altres orientacions sexuals o identitats de g\u00e8nere socialment marginades o oprimides. En aquesta data es commemoren els aldarulls d\u2019Stonewall que van tenir lloc el 1969 a Nova York i que es considera que van marcar l\u2019inici de l\u2019alliberament homosexual.<\/p>\n\n\n\n<p><strong>Dimarts 10 de setembre: Dia mundial de la prevenci\u00f3 del su\u00efcidi, color carabassa<\/strong><\/p>\n\n\n\n<p>Promogut des de l\u2019any 2023 per l\u2019Associaci\u00f3 Internacional per a la prevenci\u00f3 del su\u00efcidi, en col\u00b7laboraci\u00f3 amb l\u2019Organitzaci\u00f3 Mundial de la Salut, t\u00e9 per objectiu conscienciar que el su\u00efcidi es pot prevenir.<\/p>\n\n\n\n<p><strong>Dissabte 21 de setembre: Dia internacional de la Pau, color blanc<\/strong><\/p>\n\n\n\n<p>Declarada per l\u2019Assemblea General de les Nacions Unides el 1981, aquesta jornada es dedica a la pau mundial i, espec\u00edficament, a l\u2019abs\u00e8ncia de guerra i de viol\u00e8ncia.<\/p>\n\n\n\n<p><strong>Dijous 10 d\u2019octubre: Dia mundial de la salut mental, color blau<\/strong><\/p>\n\n\n\n<p>Impulsada per la Federaci\u00f3 Mundial de la Salut Mental amb el suport de l\u2019Organitzaci\u00f3 Mundial de la Salut. L\u2019objectiu \u00e9s visibilitzar el trastorn mental que pateixen moltes persones i que deixi de ser un motiu de discriminaci\u00f3 social i laboral.<\/p>\n\n\n\n<p><strong>Dimarts 15 d\u2019octubre: Dia mundial del dol perinatal i gestacional, color blanc<\/strong><\/p>\n\n\n\n<p>Dia de record i suport a les parelles que han sofert la mort del seu infant durant el per\u00edode de gestaci\u00f3 o durant els primers dies de vida de l\u2019infant.<\/p>\n\n\n\n<p><strong>Dissabte 19 d\u2019octubre: Dia internacional del c\u00e0ncer de mama, color rosa<\/strong><\/p>\n\n\n\n<p>Jornada per conscienciar la societat sobre la import\u00e0ncia de la investigaci\u00f3 i el diagn\u00f2stic preco\u00e7, ja que aquest \u00e9s el tipus de tumor m\u00e9s freq\u00fcent entre les dones.<\/p>\n\n\n\n<p><strong>Diumenge 20 d\u2019octubre: Dia internacional de la s\u00edndrome de Phelan-McDermid, color verd<\/strong><\/p>\n\n\n\n<p>Jornada per donar visibilitat a aquesta malaltia minorit\u00e0ria, amb m\u00e9s de 200 casos detectats a tota Espanya. Aquesta s\u00edndrome la causa, en la majoria dels casos, la p\u00e8rdua de material gen\u00e8tic de l\u2019extrem terminal del cromosoma 22. La caracter\u00edstica comuna entre els afectats \u00e9s l\u2019abs\u00e8ncia o mutaci\u00f3 del gen SHANK3 i, l\u2019abs\u00e8ncia d\u2019aquest gen suposa que els afectats pateixin un retard en el desenvolupament de nombroses \u00e0rees, especialment en la capacitat de la parla. Aquesta mutaci\u00f3, generalment, \u00e9s espont\u00e0nia, \u00e9s a dir, no \u00e9s heretada.<\/p>\n\n\n\n<p><strong>Dimecres 20 de novembre: Dia mundial de la infantesa, color blau<\/strong><\/p>\n\n\n\n<p>Dia dedicat a tots els nens i nenes del m\u00f3n. Dia de celebraci\u00f3 per tots els aven\u00e7os aconseguits i tamb\u00e9 jornada de reivindicaci\u00f3 sobre la situaci\u00f3 dels infants m\u00e9s desafavorits.<\/p>\n\n\n\n<p><strong>Dilluns 25 de novembre: Dia internacional per a l\u2019eliminaci\u00f3 de la viol\u00e8ncia contra la dona, color lila<\/strong><\/p>\n\n\n\n<p>Declarat el 1999 per l\u2019Assemblea General de les Nacions Unides. Es commemora per denunciar la viol\u00e8ncia contra les dones a tot el m\u00f3n i reclamar pol\u00edtiques a tots els pa\u00efsos per a la seva erradicaci\u00f3. S\u2019inici\u00e0 el 1981, pel moviment feminista llatinoameric\u00e0, amb l\u2019objectiu de commemorar la data en qu\u00e8 foren assassinades tres germanes de la Rep\u00fablica Dominicana.<\/p>\n\n\n\n<hr class=\"wp-block-separator has-alpha-channel-opacity\"\/>\n\n\n\n<p><strong>CASTELLANO |<\/strong>&nbsp;La fachada del Ajuntament de la Bisbal del Pened\u00e8s se ilumina durante todo el a\u00f1o con distintos colores con el objetivo de conmemorar o reivindicar varios d\u00edas mundiales con causas y motivos que consideramos importantes. Este 2024, las iluminaciones previstas ser\u00e1n las siguientes:<\/p>\n\n\n\n<p><strong>Mi\u00e9rcoles 24 de enero: D\u00eda internacional de la educaci\u00f3n, color blanco<\/strong><\/p>\n\n\n\n<p>El diciembre del a\u00f1o 2018, la Asamblea General de las Naciones Unidas proclam\u00f3 el 24 de enero D\u00eda Internacional de la Educaci\u00f3n en conmemoraci\u00f3n del papel que la educaci\u00f3n ejerce en la paz y en el desarrollo, reafirmando el hecho que la educaci\u00f3n es un derecho humano, un bien p\u00fablico y una responsabilidad colectiva.<\/p>\n\n\n\n<p><strong>Domingo 4 de febrero: D\u00eda mundial contra el c\u00e1ncer, color rosa<\/strong><\/p>\n\n\n\n<p>Se conmemora para aumentar la concienciaci\u00f3n y para movilizar a la sociedad para avanzar en la prevenci\u00f3n y el control de la enfermedad.<\/p>\n\n\n\n<p><strong>Mi\u00e9rcoles 28 de febrero: D\u00eda mundial de las enfermedades minoritarias, color verde<\/strong><\/p>\n\n\n\n<p>Promovido por la Organizaci\u00f3n Europea de Enfermedades Minoritarias (EURORDIS), el D\u00eda Mundial de las Enfermedades Minoritarias tiene el objetivo de dar a conocer las enfermedades raras y posicionarlas como una prioridad social y sanitaria.<\/p>\n\n\n\n<p>Las enfermedades minoritarias son graves, poco frecuentes y afectan a 5 de cada 10.000 personas. Hay m\u00e1s de 7.000, un 80% de las cuales son de origen gen\u00e9tico. Generalmente, implican varios \u00f3rganos y afectan las capacidades f\u00edsicas, las habilidades mentales y las calidades sensoriales y de comportamiento de las personas afectadas. Pueden aparecer desde el nacimiento o la ni\u00f1ez, pero hay que no se manifiestan hasta la edad adulta.<\/p>\n\n\n\n<p><strong>Viernes 8 de marzo: D\u00eda internacional de la Mujer, color lila<\/strong><\/p>\n\n\n\n<p>Se conmemora la lucha de las mujeres para su participaci\u00f3n, junto con los hombres, en el \u00e1mbito laboral, as\u00ed como la independencia econ\u00f3mica de la mujer.<\/p>\n\n\n\n<p>El 1972 la Asamblea General de las Naciones Unidas declar\u00f3 el 1975 A\u00f1o Internacional de la Mujer, y el 1977 invit\u00f3 a todos los estados a declarar, conforme a sus tradiciones hist\u00f3ricas y costumbres nacionales, un d\u00eda como D\u00eda Internacional para los Derechos de la mujer y la Paz internacional.<\/p>\n\n\n\n<p><strong>Jueves 21 de marzo: D\u00eda mundial del S\u00edndrome de Down, color azul<\/strong><\/p>\n\n\n\n<p>Fecha designada por la Organizaci\u00f3n de las Naciones Unidas (ONU) en diciembre de 2011. Se eligi\u00f3 esta fecha porque es el d\u00eda 21 del mes n\u00famero tres, que simboliza la trisom\u00eda del cromosoma 21, originaria del s\u00edndrome de Down.<\/p>\n\n\n\n<p><strong>Viernes 22 de marzo: D\u00eda mundial del agua, color azul<\/strong><\/p>\n\n\n\n<p>Fue declarado por resoluci\u00f3n de la Asamblea General de las Naciones Unidas el 22 de marzo del a\u00f1o 1993, a propuesta de la Agenda 21 de la Conferencia de las Naciones Unidas por el medio ambiente y el desarrollo de R\u00edo de Janeiro. Tiene por objetivo concienciar sobre la crisis mundial del agua y la necesidad de buscar medidas para preservar este recurso natural y hacerlo llegar a toda la poblaci\u00f3n mundial.<\/p>\n\n\n\n<p><strong>Martes 2 de abril: D\u00eda mundial de la concienciaci\u00f3n del autismo, color azul<\/strong><\/p>\n\n\n\n<p>Fue declarado por resoluci\u00f3n de la Asamblea General de las Naciones Unidas el 2007 para la concienciaci\u00f3n social hacia las personas autistas.<\/p>\n\n\n\n<p><strong>Domingo 12 de mayo: D\u00eda mundial de la fibromialgia y el s\u00edndrome de fatiga cr\u00f3nica,<\/strong> <strong>color azul oscuro<\/strong><\/p>\n\n\n\n<p>Declarado el 1992 por la Organizaci\u00f3n Mundial de la Salud, coincidiendo con el d\u00eda del nacimiento de la enfermera Florence Nightingale, que se pas\u00f3 50 a\u00f1os a la cama por esta enfermedad<\/p>\n\n\n\n<p><strong>Mi\u00e9rcoles 5 de junio: D\u00eda mundial del medio ambiente, color verde<\/strong><\/p>\n\n\n\n<p>Establecido por la Asamblea General de las Naciones Unidas en diciembre de 1972, tiene por objeto estimular la sensibilizaci\u00f3n mundial sobre el medio ambiente<\/p>\n\n\n\n<p><strong>Viernes 14 de junio: D\u00eda Mundial del donante de sangre, color rojo<\/strong><\/p>\n\n\n\n<p>Declarado por la Organizaci\u00f3n Mundial de la Salud para sensibilizar sobre la necesidad de donar sangre de forma regular y de conseguir la autosuficiencia de cada pa\u00eds para atender a los enfermos que requieren terapias que solo pueden llevarse a cabo con las donaciones de sangre.<\/p>\n\n\n\n<p><strong>Viernes 28 de junio: D\u00eda internacional del Orgullo LGTBI+, color amarillo<\/strong><\/p>\n\n\n\n<p>Por la tolerancia y la igualdad de las personas lesbianas, gay, bisexuales, transexuales, intersexuales, queer y otras orientaciones sexuales o identidades de g\u00e9nero socialmente marginadas u oprimidas. En esta fecha se conmemoran los disturbios de Stonewall que tuvieron lugar el 1969 en Nueva York y que se considera que marcaron el inicio de la liberaci\u00f3n homosexual.<\/p>\n\n\n\n<p><strong>Martes 10 de septiembre: D\u00eda mundial de la prevenci\u00f3n del suicidio, color calabaza<\/strong><\/p>\n\n\n\n<p>Promovido desde el a\u00f1o 2023 por la Asociaci\u00f3n Internacional para la prevenci\u00f3n del suicidio, en colaboraci\u00f3n con la Organizaci\u00f3n Mundial de la Salud, tiene por objetivo concienciar que el suicidio se puede prevenir.<\/p>\n\n\n\n<p><strong>S\u00e1bado 21 de septiembre: D\u00eda internacional de la Pau, color blanco<\/strong><\/p>\n\n\n\n<p>Declarada por la Asamblea General de las Naciones Unidas el 1981, esta jornada se dedica a la paz mundial y, espec\u00edficamente, a la ausencia de guerra y de violencia.<\/p>\n\n\n\n<p><strong>Jueves 10 de octubre: D\u00eda mundial de la salud mental, color azul<\/strong><\/p>\n\n\n\n<p>Impulsada por la Federaci\u00f3n Mundial de la Salud Mental con el apoyo de la Organizaci\u00f3n Mundial de la Salud. El objetivo es visibilizar el trastorno mental que sufren muchas personas y que deje de ser un motivo de discriminaci\u00f3n social y laboral.<\/p>\n\n\n\n<p><strong>Martes 15 de octubre: D\u00eda mundial del luto perinatal y gestacional, color blanco<\/strong><\/p>\n\n\n\n<p>D\u00eda de recuerdo y apoyo a las parejas que han sufrido la muerte de su ni\u00f1o durante el periodo de gestaci\u00f3n o durante los primeros d\u00edas de vida del ni\u00f1o.<\/p>\n\n\n\n<p><strong>S\u00e1bado 19 de octubre: D\u00eda internacional del c\u00e1ncer de mama, color rosa<\/strong><\/p>\n\n\n\n<p>Jornada para concienciar la sociedad sobre la importancia de la investigaci\u00f3n y el diagn\u00f3stico precoz, puesto que este es el tipo de tumor m\u00e1s frecuente entre las mujeres.<\/p>\n\n\n\n<p><strong>Domingo 20 de octubre: D\u00eda internacional del s\u00edndrome de Phelan-McDermid, color verde<\/strong><\/p>\n\n\n\n<p>Jornada para dar visibilidad a esta enfermedad minoritaria, con m\u00e1s de 200 casos detectados en toda Espa\u00f1a. Este s\u00edndrome la causa, en la mayor\u00eda de los casos, la p\u00e9rdida de material gen\u00e9tico del extremo terminal del cromosoma 22. La caracter\u00edstica com\u00fan entre los afectados es la ausencia o mutaci\u00f3n del gen SHANK3 y, la ausencia de este gen supone que los afectados sufran un retraso en el desarrollo de numerosas \u00e1reas, especialmente en la capacidad del habla. Esta mutaci\u00f3n, generalmente, es espont\u00e1nea, es decir, no es heredada.<\/p>\n\n\n\n<p><strong>Mi\u00e9rcoles 20 de noviembre: D\u00eda mundial de la ni\u00f1ez, color azul<\/strong><\/p>\n\n\n\n<p>D\u00eda dedicado a todos los ni\u00f1os y ni\u00f1as del mundo. D\u00eda de celebraci\u00f3n por todos los adelantos conseguidos y tambi\u00e9n jornada de reivindicaci\u00f3n sobre la situaci\u00f3n de los ni\u00f1os m\u00e1s desfavorecidos.<\/p>\n\n\n\n<p><strong>Lunes 25 de noviembre: D\u00eda internacional para la eliminaci\u00f3n de la violencia contra la mujer, color lila<\/strong><\/p>\n\n\n\n<p>Declarado el 1999 por la Asamblea General de las Naciones Unidas. Se conmemora para denunciar la violencia contra las mujeres en todo el mundo y reclamar pol\u00edticas en todos los pa\u00edses para su erradicaci\u00f3n. Se inici\u00f3 el 1981, por el movimiento feminista latinoamericano, con el objetivo de conmemorar la fecha en que fueron asesinadas tres hermanas de la Rep\u00fablica Dominicana.<\/p>\n","protected":false},"excerpt":{"rendered":"<p>La fa\u00e7ana de l\u2019Ajuntament de la Bisbal del Pened\u00e8s s\u2019il\u00b7lumina durant tot l\u2019any amb diferents colors amb l\u2019objectiu de commemorar o reivindicar diversos dies mundials amb causes i motius que &hellip; <a href=\"https:\/\/bisbalpenedes.com\/web\/2024\/02\/06\/calendari-dilluminacions-commemoratives-i-reivindicatives-de-la-facana-de-la-casa-de-la-vila-per-al-2024\/\" class=\"more-link\">Read More<\/a><\/p>\n","protected":false},"author":4,"featured_media":30349,"comment_status":"closed","ping_status":"closed","sticky":false,"template":"","format":"standard","meta":[],"categories":[2402,8],"tags":[216,5548,6654,2503,393],"_links":{"self":[{"href":"https:\/\/bisbalpenedes.com\/web\/wp-json\/wp\/v2\/posts\/30348"}],"collection":[{"href":"https:\/\/bisbalpenedes.com\/web\/wp-json\/wp\/v2\/posts"}],"about":[{"href":"https:\/\/bisbalpenedes.com\/web\/wp-json\/wp\/v2\/types\/post"}],"author":[{"embeddable":true,"href":"https:\/\/bisbalpenedes.com\/web\/wp-json\/wp\/v2\/users\/4"}],"replies":[{"embeddable":true,"href":"https:\/\/bisbalpenedes.com\/web\/wp-json\/wp\/v2\/comments?post=30348"}],"version-history":[{"count":1,"href":"https:\/\/bisbalpenedes.com\/web\/wp-json\/wp\/v2\/posts\/30348\/revisions"}],"predecessor-version":[{"id":30350,"href":"https:\/\/bisbalpenedes.com\/web\/wp-json\/wp\/v2\/posts\/30348\/revisions\/30350"}],"wp:featuredmedia":[{"embeddable":true,"href":"https:\/\/bisbalpenedes.com\/web\/wp-json\/wp\/v2\/media\/30349"}],"wp:attachment":[{"href":"https:\/\/bisbalpenedes.com\/web\/wp-json\/wp\/v2\/media?parent=30348"}],"wp:term":[{"taxonomy":"category","embeddable":true,"href":"https:\/\/bisbalpenedes.com\/web\/wp-json\/wp\/v2\/categories?post=30348"},{"taxonomy":"post_tag","embeddable":true,"href":"https:\/\/bisbalpenedes.com\/web\/wp-json\/wp\/v2\/tags?post=30348"}],"curies":[{"name":"wp","href":"https:\/\/api.w.org\/{rel}","templated":true}]}}