{"id":30342,"date":"2024-05-22T15:51:19","date_gmt":"2024-05-22T13:51:19","guid":{"rendered":"https:\/\/bisbalpenedes.com\/web\/?p=30342"},"modified":"2025-09-30T13:17:23","modified_gmt":"2025-09-30T11:17:23","slug":"el-diumenge-2-de-juny-torna-la-bisbal-balla","status":"publish","type":"post","link":"https:\/\/bisbalpenedes.com\/web\/2024\/05\/22\/el-diumenge-2-de-juny-torna-la-bisbal-balla\/","title":{"rendered":"El diumenge 2 de juny torna &#8220;La Bisbal Balla&#8221; amb el suport del Pla ImpulsDipta"},"content":{"rendered":"\n<p>El diumenge 2 de juny torna &#8220;La Bisbal Balla&#8221; amb una programaci\u00f3 de luxe durant tot el dia, amb dansa i ball per a tots els gustos. Unes actuacions que  ompten amb el suport econ\u00f2mic del<strong> Pla Impulsa 2024\u20132027 de la Diputaci\u00f3 de Tarragona<\/strong>, que ha concedit 11.893,67 \u20ac \u00a0per dur-les a terme.<br><br>Ah! I hi haur\u00e0 barra durant tot el dia, per combatre la calor, a c\u00e0rrec de la Colla Castellera La Bisbal del Pened\u00e8s Els Bous.<\/p>\n\n\n\n<p>Reserveu-vos el diumenge 2 de juny!<\/p>\n\n\n\n<p>#Cultura #NomMunicipi #ImpulsDipta \u201cAmb el suport de @Dipta_cat\u201d<\/p>\n\n\n\n<figure class=\"wp-block-image size-full\"><img loading=\"lazy\" width=\"723\" height=\"1020\" src=\"https:\/\/bisbalpenedes.com\/web\/wp-content\/uploads\/2024\/05\/bisbal-balla2.jpg\" alt=\"\" class=\"wp-image-34868\" srcset=\"https:\/\/bisbalpenedes.com\/web\/wp-content\/uploads\/2024\/05\/bisbal-balla2.jpg 723w, https:\/\/bisbalpenedes.com\/web\/wp-content\/uploads\/2024\/05\/bisbal-balla2-213x300.jpg 213w, https:\/\/bisbalpenedes.com\/web\/wp-content\/uploads\/2024\/05\/bisbal-balla2-600x846.jpg 600w\" sizes=\"(max-width: 723px) 100vw, 723px\" \/><\/figure>\n\n\n\n<figure class=\"wp-block-image size-large\"><img loading=\"lazy\" width=\"1024\" height=\"203\" src=\"https:\/\/bisbalpenedes.com\/web\/wp-content\/uploads\/2025\/09\/peudipta-1024x203.jpg\" alt=\"\" class=\"wp-image-34862\" srcset=\"https:\/\/bisbalpenedes.com\/web\/wp-content\/uploads\/2025\/09\/peudipta-1024x203.jpg 1024w, https:\/\/bisbalpenedes.com\/web\/wp-content\/uploads\/2025\/09\/peudipta-300x59.jpg 300w, https:\/\/bisbalpenedes.com\/web\/wp-content\/uploads\/2025\/09\/peudipta-768x152.jpg 768w, https:\/\/bisbalpenedes.com\/web\/wp-content\/uploads\/2025\/09\/peudipta-600x119.jpg 600w, https:\/\/bisbalpenedes.com\/web\/wp-content\/uploads\/2025\/09\/peudipta.jpg 1374w\" sizes=\"(max-width: 1024px) 100vw, 1024px\" \/><\/figure>\n\n\n\n<hr class=\"wp-block-separator has-alpha-channel-opacity\"\/>\n\n\n\n<p><strong>CASTELLANO |<\/strong> El domingo 2 de junio vuelve &#8220;La Bisbal Balla&#8221; con una programaci\u00f3n de lujo durante todo el d\u00eda, con danza y baile para todos los gustos.<\/p>\n\n\n\n<p>\u00a1Ah! Y habr\u00e1 barra durante todo el d\u00eda, para combatir el calor, a cargo de la Colla Castellera La Bisbal del Pened\u00e8s Els Bous.<\/p>\n\n\n\n<p>\u00a1Reservaos el domingo 2 de junio!<\/p>\n","protected":false},"excerpt":{"rendered":"<p>El diumenge 2 de juny torna &#8220;La Bisbal Balla&#8221; amb una programaci\u00f3 de luxe durant tot el dia, amb dansa i ball per a tots els gustos. Unes actuacions que &hellip; <a href=\"https:\/\/bisbalpenedes.com\/web\/2024\/05\/22\/el-diumenge-2-de-juny-torna-la-bisbal-balla\/\" class=\"more-link\">Read More<\/a><\/p>\n","protected":false},"author":4,"featured_media":34871,"comment_status":"closed","ping_status":"closed","sticky":false,"template":"","format":"standard","meta":[],"categories":[13,8],"tags":[459,995,1587,6653,393],"_links":{"self":[{"href":"https:\/\/bisbalpenedes.com\/web\/wp-json\/wp\/v2\/posts\/30342"}],"collection":[{"href":"https:\/\/bisbalpenedes.com\/web\/wp-json\/wp\/v2\/posts"}],"about":[{"href":"https:\/\/bisbalpenedes.com\/web\/wp-json\/wp\/v2\/types\/post"}],"author":[{"embeddable":true,"href":"https:\/\/bisbalpenedes.com\/web\/wp-json\/wp\/v2\/users\/4"}],"replies":[{"embeddable":true,"href":"https:\/\/bisbalpenedes.com\/web\/wp-json\/wp\/v2\/comments?post=30342"}],"version-history":[{"count":3,"href":"https:\/\/bisbalpenedes.com\/web\/wp-json\/wp\/v2\/posts\/30342\/revisions"}],"predecessor-version":[{"id":34872,"href":"https:\/\/bisbalpenedes.com\/web\/wp-json\/wp\/v2\/posts\/30342\/revisions\/34872"}],"wp:featuredmedia":[{"embeddable":true,"href":"https:\/\/bisbalpenedes.com\/web\/wp-json\/wp\/v2\/media\/34871"}],"wp:attachment":[{"href":"https:\/\/bisbalpenedes.com\/web\/wp-json\/wp\/v2\/media?parent=30342"}],"wp:term":[{"taxonomy":"category","embeddable":true,"href":"https:\/\/bisbalpenedes.com\/web\/wp-json\/wp\/v2\/categories?post=30342"},{"taxonomy":"post_tag","embeddable":true,"href":"https:\/\/bisbalpenedes.com\/web\/wp-json\/wp\/v2\/tags?post=30342"}],"curies":[{"name":"wp","href":"https:\/\/api.w.org\/{rel}","templated":true}]}}