{"id":30334,"date":"2024-05-22T12:21:23","date_gmt":"2024-05-22T10:21:23","guid":{"rendered":"https:\/\/bisbalpenedes.com\/web\/?p=30334"},"modified":"2024-05-22T12:34:41","modified_gmt":"2024-05-22T10:34:41","slug":"la-bisbal-del-penedes-comptara-amb-un-campus-de-voleibol-aquest-juliol-i-amb-classes-de-voleibol-al-pavello-esportiu-municipal-a-partir-del-setembre","status":"publish","type":"post","link":"https:\/\/bisbalpenedes.com\/web\/2024\/05\/22\/la-bisbal-del-penedes-comptara-amb-un-campus-de-voleibol-aquest-juliol-i-amb-classes-de-voleibol-al-pavello-esportiu-municipal-a-partir-del-setembre\/","title":{"rendered":"La Bisbal del Pened\u00e8s comptar\u00e0 amb un campus de voleibol aquest juliol i amb classes de voleibol al Pavell\u00f3 Esportiu Municipal a partir del setembre"},"content":{"rendered":"\n<p>El baixpenedesenc Eino Nylund, president del Club de Voleibol \u00c1guilas, portar\u00e0 el v\u00f2lei a la Bisbal del Pened\u00e8s juntament amb la Regidoria d\u2019Esports. Durant les darreres setmanes l\u2019alumnat de 5\u00e8 i 6\u00e8 de l\u2019escola Ull de Vent i tamb\u00e9 part de l\u2019alumnat de l\u2019institut Coster de la Torre ha fet classes de voleibol al Pavell\u00f3 Esportiu Municipal. D\u2019aquesta manera, els alumnes han pogut provar aquest esport, al que se li dedicar\u00e0 un campus aquest estiu.<\/p>\n\n\n\n<p>El campus es far\u00e0 de l\u20191 de juliol al 2 d\u2019agost, de 9h a 13h i est\u00e0 adre\u00e7at a participants de 10 a 15 anys. Inclour\u00e0 voleibol, piscina, v\u00f2lei de platja, jocs i molt m\u00e9s. Les inscripcions ja s\u2019han obert i es poden fer al correu electr\u00f2nic <a href=\"mailto:cvaguilas.lbp@gmail.com\">cvaguilas.lbp@gmail.com<\/a>. El preu per setmana s\u00f3n 70\u20ac.<\/p>\n\n\n\n<p>A m\u00e9s, est\u00e0 previst que, a partir del setembre, es facin classes al Pavell\u00f3 Esportiu Municipal, tant per a nens i joves com per a persones adultes que vulguin practicar aquest esport. En aquest cas, les inscripcions s\u2019obriran al setembre i les classes comptaran amb entrenadors i entrenadores de la Bisbal del Pened\u00e8s.<\/p>\n\n\n\n<p>Aquest dimarts, l\u2019Eino s\u2019ha reunit amb l\u2019alcaldessa Agn\u00e8s Ferr\u00e9 i el regidor d\u2019Esports, Joan Gimeno, per acabar d\u2019ultimar detalls i coordinar les activitats previstes.<\/p>\n\n\n\n<p>L\u2019Eino Nylund ha explicat que <em>\u201cdes del club estem molt motivats i amb moltes ganes de portar el voleibol a la Bisbal del Pened\u00e8s i esperem que les fam\u00edlies s\u2019animin a apuntar els infants de 10 a 15 anys al campus\u201d<\/em> i ha afegit que <em>\u201ca mitj\u00e0 termini ens agradaria que hi hagu\u00e9s una lliga escolar al Baix Pened\u00e8s\u201d.<\/em><\/p>\n\n\n\n<p>Per la seva banda, el regidor d\u2019Esports, Joan Gimeno, considera que <em>\u201c\u00e9s molt bo per al municipi que puguem comptar amb un nou esport, com \u00e9s el v\u00f2lei. Aix\u00f2 dona m\u00e9s opcions per practicar l\u2019esport als ve\u00efns i ve\u00efnes de la Bisbal\u201d.<\/em><\/p>\n\n\n\n<figure class=\"wp-block-image size-large\"><img loading=\"lazy\" width=\"724\" height=\"1024\" src=\"https:\/\/bisbalpenedes.com\/web\/wp-content\/uploads\/2024\/05\/CARTEL-CAMPUS-3n-724x1024.jpeg\" alt=\"\" class=\"wp-image-30335\" srcset=\"https:\/\/bisbalpenedes.com\/web\/wp-content\/uploads\/2024\/05\/CARTEL-CAMPUS-3n-724x1024.jpeg 724w, https:\/\/bisbalpenedes.com\/web\/wp-content\/uploads\/2024\/05\/CARTEL-CAMPUS-3n-212x300.jpeg 212w, https:\/\/bisbalpenedes.com\/web\/wp-content\/uploads\/2024\/05\/CARTEL-CAMPUS-3n-768x1086.jpeg 768w, https:\/\/bisbalpenedes.com\/web\/wp-content\/uploads\/2024\/05\/CARTEL-CAMPUS-3n-1086x1536.jpeg 1086w, https:\/\/bisbalpenedes.com\/web\/wp-content\/uploads\/2024\/05\/CARTEL-CAMPUS-3n-600x849.jpeg 600w, https:\/\/bisbalpenedes.com\/web\/wp-content\/uploads\/2024\/05\/CARTEL-CAMPUS-3n.jpeg 1448w\" sizes=\"(max-width: 724px) 100vw, 724px\" \/><\/figure>\n\n\n\n<hr class=\"wp-block-separator has-alpha-channel-opacity\"\/>\n\n\n\n<p><strong>CASTELLANO |<\/strong> El baixpenedesenc Eino Nylnd, presidente del Club de Voleibol \u00c1guilas, traer\u00e1 el v\u00f3ley a la Bisbal del Pened\u00e8s junto con la Concejal\u00eda de Deportes. Durante las \u00faltimas semanas el alumnado de 5\u00ba y 6\u00ba de la escuela Ull de VEnt y tambi\u00e9n parte del alumnado del instituto Coster de la Torre ha hecho clases de v\u00f3liebol en el Pavell\u00f3 Esportiu Municipal. De esta manera, los alumnos han podido probar este deporte al que se le dedicar\u00e1 un campus este verano.&nbsp;<\/p>\n\n\n\n<p>El campus se har\u00e1 del 1 de julio al 2 de agosto, de 9h a 13h y est\u00e1 dirigido a participantes de 10 a 15 a\u00f1os. Incluir\u00e1 voleibol, piscina, voleibol de playa, juegos y mucho m\u00e1s. Las inscripciones ya se han abierto y se pueden hacer en el correo electr\u00f3nico <a href=\"mailto:cvaguilas.lbp@gmail.com\">cvaguilas.lbp@gmail.com<\/a>. El precio por semana son 70\u20ac<\/p>\n\n\n\n<p>Adem\u00e1s, est\u00e1 previsto que, a partir de septiembre, se hagan clases en el Pavell\u00f3 Esportiu Municipal, tanto para ni\u00f1os y j\u00f3venes como para personas adultas que quieran practicar este deporte. En este caso, las inscripciones se abrir\u00e1n en septiembre y las clases contar\u00e1n con entrenadores y entrenadoras de la Bisbal del Pened\u00e8s.<\/p>\n\n\n\n<p>Este martes, Eino se ha reunido con la alcaldesa Agn\u00e8s Ferr\u00e9 y el concejal de Deportes, Joan Gimeno, para acabar de ultimar detalles y coordinar las actividades previstas.<\/p>\n\n\n\n<p>Eino Nylund ha explicado que <em>\u201cdesde el club estamos muy motivados y con muchas ganas de traer el voleibol a la Bisbal del Pened\u00e8s y esperamos que las familias se animen a apuntar a los ni\u00f1os y ni\u00f1as de 10 a 15 a\u00f1os al campus\u201d<\/em> y ha a\u00f1adido que <em>\u201ca medio plazo nos gustar\u00eda que hubiese una liga escolar en el Baix Pened\u00e8s\u201d.<\/em><\/p>\n\n\n\n<p>Por su parte, el concejal de Deportes, Joan Gimeno, considera que <em>\u201ces muy bueno para el municipio que podamos contar con un nuevo deporte, como es el v\u00f3ley. Esto da m\u00e1s opciones para practicar el deporte a los vecinos y vecinas de la Bisbal\u201d.<\/em><\/p>\n","protected":false},"excerpt":{"rendered":"<p>El baixpenedesenc Eino Nylund, president del Club de Voleibol \u00c1guilas, portar\u00e0 el v\u00f2lei a la Bisbal del Pened\u00e8s juntament amb la Regidoria d\u2019Esports. Durant les darreres setmanes l\u2019alumnat de 5\u00e8 &hellip; <a href=\"https:\/\/bisbalpenedes.com\/web\/2024\/05\/22\/la-bisbal-del-penedes-comptara-amb-un-campus-de-voleibol-aquest-juliol-i-amb-classes-de-voleibol-al-pavello-esportiu-municipal-a-partir-del-setembre\/\" class=\"more-link\">Read More<\/a><\/p>\n","protected":false},"author":4,"featured_media":30336,"comment_status":"closed","ping_status":"closed","sticky":false,"template":"","format":"standard","meta":[],"categories":[19,8],"tags":[459,6652,1299,393,6519,1374,6651],"_links":{"self":[{"href":"https:\/\/bisbalpenedes.com\/web\/wp-json\/wp\/v2\/posts\/30334"}],"collection":[{"href":"https:\/\/bisbalpenedes.com\/web\/wp-json\/wp\/v2\/posts"}],"about":[{"href":"https:\/\/bisbalpenedes.com\/web\/wp-json\/wp\/v2\/types\/post"}],"author":[{"embeddable":true,"href":"https:\/\/bisbalpenedes.com\/web\/wp-json\/wp\/v2\/users\/4"}],"replies":[{"embeddable":true,"href":"https:\/\/bisbalpenedes.com\/web\/wp-json\/wp\/v2\/comments?post=30334"}],"version-history":[{"count":2,"href":"https:\/\/bisbalpenedes.com\/web\/wp-json\/wp\/v2\/posts\/30334\/revisions"}],"predecessor-version":[{"id":30338,"href":"https:\/\/bisbalpenedes.com\/web\/wp-json\/wp\/v2\/posts\/30334\/revisions\/30338"}],"wp:featuredmedia":[{"embeddable":true,"href":"https:\/\/bisbalpenedes.com\/web\/wp-json\/wp\/v2\/media\/30336"}],"wp:attachment":[{"href":"https:\/\/bisbalpenedes.com\/web\/wp-json\/wp\/v2\/media?parent=30334"}],"wp:term":[{"taxonomy":"category","embeddable":true,"href":"https:\/\/bisbalpenedes.com\/web\/wp-json\/wp\/v2\/categories?post=30334"},{"taxonomy":"post_tag","embeddable":true,"href":"https:\/\/bisbalpenedes.com\/web\/wp-json\/wp\/v2\/tags?post=30334"}],"curies":[{"name":"wp","href":"https:\/\/api.w.org\/{rel}","templated":true}]}}