{"id":30324,"date":"2024-05-21T19:15:40","date_gmt":"2024-05-21T17:15:40","guid":{"rendered":"https:\/\/bisbalpenedes.com\/web\/?p=30324"},"modified":"2024-05-21T19:15:40","modified_gmt":"2024-05-21T17:15:40","slug":"el-passat-15-de-maig-es-va-celebrar-un-ple-extraordinari-a-lajuntament-de-la-bisbal-del-penedes","status":"publish","type":"post","link":"https:\/\/bisbalpenedes.com\/web\/2024\/05\/21\/el-passat-15-de-maig-es-va-celebrar-un-ple-extraordinari-a-lajuntament-de-la-bisbal-del-penedes\/","title":{"rendered":"El passat 15 de maig es va celebrar un Ple extraordinari a l&#8217;Ajuntament de la Bisbal del Pened\u00e8s"},"content":{"rendered":"\n<p>El passat dimecres 15 de maig a les 13h es va celebrar un Ple extraordinari a l&#8217;Ajuntament de al Bisbal del Pened\u00e8s. La regidora de Tots Som la Bisbal-Urbanizaciones Unidas, Maguy Antol\u00edn, va excusar la seva pres\u00e8ncia. Tots els punts que requerien votaci\u00f3 es van aprovar per unanimitat dels assistents.<\/p>\n\n\n\n<p>Podeu veure el v\u00eddeo del Ple, aqu\u00ed:&nbsp;<a href=\"https:\/\/actes.bisbalpenedes.com\/session\/sessionDetail\/8a8080848acca6ef018f7c1ae18d00aa\">https:\/\/actes.bisbalpenedes.com\/session\/sessionDetail\/8a8080848acca6ef018f7c1ae18d00aa<\/a><\/p>\n\n\n\n<p><strong>Punt 1.-Sorteig de les meses electorals per a les eleccions al Parlament Europeu del 9 de juny.<\/strong><\/p>\n\n\n\n<p><strong>Punt 2.- Aprovaci\u00f3 de la delimitaci\u00f3 entre els termes municipals de La Bisbal del Pened\u00e8s i Santa Oliva.<\/strong><\/p>\n\n\n\n<p>Durant els dos mandats anteriors, es va revisar i es van acordar les delimitacions del municipi amb Rodony\u00e0, Maslloren\u00e7, el Montmell, Albinyana, Lloren\u00e7 del Pened\u00e8s, Sant Jaume dels Domenys i Banyeres del Pened\u00e8s. Nom\u00e9s faltaven les delimitacions amb els termes de Santa Oliva i Albinyana. El mar\u00e7 l&#8217;Ajuntament de la Bisbal del Pened\u00e8s va rebrem -per part de la Direcci\u00f3 General d&#8217;Administraci\u00f3 local- la convocat\u00f2ria d&#8217;inici de les operacions de la delimitaci\u00f3 entre el terme municipal de la Bisbal i el de Santa Oliva i la resoluci\u00f3 d&#8217;inici de l&#8217;expedient de delimitaci\u00f3. El 17 d&#8217;abril es va dur a terme una reuni\u00f3 t\u00e8cnica de delimitaci\u00f3 que va culminar amb la reuni\u00f3 i acord del 25 d&#8217;abril.<\/p>\n\n\n\n<p>L&#8217;Institut Cartogr\u00e0fic de Catalunya ha fet un estudi sobre les fites i la l\u00ednia de delimitaci\u00f3 d&#8217;ambd\u00f3s municipis, a partir del document de partida del 15 d&#8217;abril de 1919 i de l&#8217;acta d&#8217;atermenament del 19 de maig de 2009, en la que es localitzen les set fites conegudes en aquesta acta. Es mantenen cinc fites i dues s&#8217;adapten a les posicions actuals. Tamb\u00e9 s&#8217;adapta el tra\u00e7at de la l\u00ednia de terme a la realitat geogr\u00e0fica existent, a partir del l\u00edmit cadastral actual i la cartografia vigent.<\/p>\n\n\n\n<p><strong>Punt 3.- Resoluci\u00f3 del recurs de reposici\u00f3 interposat contra l&#8217;acord de Ple d&#8217;aprovaci\u00f3 de la modificaci\u00f3 de la Relaci\u00f3 de Llocs de Treball.<\/strong><\/p>\n\n\n\n<p>Despr\u00e9s que el 8 de mar\u00e7 de 2024 una t\u00e8cnica superior, treballadora de l&#8217;Ajuntament de la Bisbal del Pened\u00e8s, present\u00e9s recurs de reposici\u00f3 contra l&#8217;acord de Ple del 27 de febrer, d&#8217;aprovaci\u00f3 de la modificaci\u00f3 de la Relaci\u00f3 de Llocs de Treball de l&#8217;Ajuntament de la Bisbal del Pened\u00e8s, l&#8217;Ajuntament de la Bisbal del Pened\u00e8s ha aprovat estimar parcialment el recurs potestatiu de reposici\u00f3 i modificar la Relaci\u00f3 de Llocs de Treball (RLT) de l&#8217;Ajuntament. Amb aquesta aprovaci\u00f3, el complement de destinaci\u00f3 no es modifica, seguir\u00e0 essent el del nivell 24, i el complement espec\u00edfic passar\u00e0 de 13.862,45\u20ac a 15.605,14\u20ac anuals.<\/p>\n\n\n\n<p><strong>Punt 4.- Reconeixement de compatibilitat de personal municipal per exercir activitats privades.<\/strong><\/p>\n\n\n\n<p>El 12 de mar\u00e7 una persona treballadora municipal va sol\u00b7licitar el reconeixement de la compatibilitat com a personal municipal per exercir activitats privades, concretament com a ajudant de cambrer en un bar, en horari de tardes i caps de setmana. Per tant, en horaris diferents dels de la seva feina a l&#8217;Ajuntament de la Bisbal del Pened\u00e8s. Com que es compleixen els requisits exigits per la Llei 21\/1987, del 26 de novembre, d&#8217;incompatibilitats del personal al servei de l&#8217;Administraci\u00f3 de la Generalitat, s&#8217;ha aprovat l&#8217;aprovaci\u00f3 d&#8217;aquesta compatibilitat.<\/p>\n\n\n\n<p><strong>Punt 5.- Modificaci\u00f3 de cr\u00e8dit 2PLE\/2024<\/strong><\/p>\n\n\n\n<p>S&#8217;aprova inicialment la modificaci\u00f3 de cr\u00e8dit 2PLE\/2024 en modalitat de cr\u00e8dit extraordinari per destinar 22.275,24\u20ac del romanent de tresoreria del 2023 a la certificaci\u00f3 final de les obres de subministrament i instal\u00b7laci\u00f3 de les \u00faltimes c\u00e0meres lectores de matr\u00edcules, ja instal\u00b7lades l&#8217;any passat. El mes d&#8217;abril d&#8217;aquest any va arribar la certificaci\u00f3 t\u00e8cnica necess\u00e0ria per l&#8217;acta de recepci\u00f3. S&#8217;ha proposat la modificaci\u00f3 de cr\u00e8dit perqu\u00e8 no hi havia la partida creada al pressupost d&#8217;enguany, a l&#8217;espera de la certificaci\u00f3 final.<\/p>\n\n\n\n<p>&#8212;<\/p>\n\n\n\n<p>El pasado mi\u00e9rcoles 15 de mayo a las 13h se celebr\u00f3 un Pleno extraordinario en el Ayuntamiento de en el Bisbal del Pened\u00e8s. La regidora de tots Som la Bisbal-Urbanizaciones Unidas, Maguy Antol\u00edn, excus\u00f3 su presencia. Todos los puntos que requer\u00edan votaci\u00f3n se aprobaron por unanimidad de los asistentes.<\/p>\n\n\n\n<p>Pod\u00e9is ver el video del Pleno, aqu\u00ed:&nbsp;<a href=\"https:\/\/actes.bisbalpenedes.com\/session\/sessiondetail\/8a8080848acca6ef018f7c1ae18d00aa\">https:\/\/actes.bisbalpenedes.com\/session\/sessiondetail\/8a8080848acca6ef018f7c1ae18d00aa<\/a><\/p>\n\n\n\n<p><strong>Punto 1.-Sorteo de las mesas electorales para las elecciones en el Parlamento Europeo del 9 de junio.<\/strong><\/p>\n\n\n\n<p><strong>Punto 2.- Aprobaci\u00f3n de la delimitaci\u00f3n entre los t\u00e9rminos municipales de La Bisbal del Pened\u00e8s y Santa Oliva.<\/strong><\/p>\n\n\n\n<p>Durante los dos mandatos anteriores, se revis\u00f3 y se acordaron las delimitaciones del municipio con Rodony\u00e0, Maslloren\u00e7, el Montmell, Albinyana, Lloren\u00e7 del Pened\u00e8s, Sant Jaume dels Domenys y Banyeres del Pened\u00e8s. Solo faltaban las delimitaciones con los t\u00e9rminos de Santa Oliva y Albinyana. En marzo, el Ajuntament de la Bisbal del Pened\u00e8s recibi\u00f3 -por parte de la Direcci\u00f3n General de Administraci\u00f3n local- la convocatoria de inicio de las operaciones de la delimitaci\u00f3n entre el t\u00e9rmino municipal de la Bisbal y el de Santa Oliva y la resoluci\u00f3n de inicio del expediente de delimitaci\u00f3n. El 17 de abril se llev\u00f3 a t\u00e9rmino una reuni\u00f3n t\u00e9cnica de delimitaci\u00f3n que culmin\u00f3 con la reuni\u00f3n y acuerdo del 25 de abril.<\/p>\n\n\n\n<p>El Institut Cartogr\u00e0fic de Catalunya ha hecho un estudio sobre los hitos y la l\u00ednea de delimitaci\u00f3n de ambos municipios, a partir del documento de partida del 15 de abril de 1919 y del acta de deslinde del 19 de mayo de 2009, en la que se localizan los siete hitos conocidos en esta acta. Se mantienen cinco hitos y dos se adaptan a las posiciones actuales. Tambi\u00e9n se adapta el trazado de la l\u00ednea de t\u00e9rmino a la realidad geogr\u00e1fica existente, a partir del l\u00edmite catastral actual y la cartograf\u00eda vigente.<\/p>\n\n\n\n<p><strong>Punto 3.- Resoluci\u00f3n del recurso de reposici\u00f3n interpuesto contra el acuerdo de Pleno de aprobaci\u00f3n de la modificaci\u00f3n de la Relaci\u00f3n de Puestos de trabajo.<\/strong><\/p>\n\n\n\n<p>Despu\u00e9s de que el 8 de marzo de 2024 una t\u00e9cnica superior, trabajadora del Ajuntament de la Bisbal del Pened\u00e8s, presentara recurso de reposici\u00f3n contra el acuerdo de Pleno del 27 de febrero, de aprobaci\u00f3n de la modificaci\u00f3n de la Relaci\u00f3n de Puestos de Trabajo (RLT) &nbsp;del Ayuntamiento de la Bisbal del Pened\u00e8s, el Ajuntament de la Bisbal del Pened\u00e8s ha aprobado estimar parcialmente el recurso potestativo de reposici\u00f3n y modificar la Relaci\u00f3n de Puestos de trabajo del Ayuntamiento. Con esta aprobaci\u00f3n, el complemento de destino no se modifica, seguir\u00e1 siendo lo del nivel 24, y el complemento espec\u00edfico pasar\u00e1 de 13.862,45\u20ac a 15.605,14\u20ac anuales.<\/p>\n\n\n\n<p><strong>Punto 4.- Reconocimiento de compatibilidad de personal municipal para ejercer actividades privadas.<\/strong><\/p>\n\n\n\n<p>El 12 de marzo una persona trabajadora municipal solicit\u00f3 el reconocimiento de la compatibilidad como personal municipal para ejercer actividades privadas, concretamente como ayudante de camarero en un bar, en horario de tardes y fines de semana. Por lo tanto, en horarios diferentes de los de su trabajo al Ajuntament de la Bisbal del Pened\u00e8s. Como se cumplen los requisitos exigidos por la Ley 21\/1987, del 26 de noviembre, de incompatibilidades del personal al servicio de la Administraci\u00f3n de la Generalitat, se ha aprobado la aprobaci\u00f3n de esta compatibilidad.<\/p>\n\n\n\n<p><strong>Punto 5.- Modificaci\u00f3n de cr\u00e9dito 2PLE\/2024<\/strong><\/p>\n\n\n\n<p>Se aprueba inicialmente la modificaci\u00f3n de cr\u00e9dito 2PLE\/2024 en modalidad de cr\u00e9dito extraordinario para destinar 22.275,24\u20ac del remanente de tesorer\u00eda del 2023 a la certificaci\u00f3n final de las obras de suministro e instalaci\u00f3n de las \u00faltimas c\u00e1maras lectoras de matr\u00edculas, ya instaladas el a\u00f1o pasado. El mes de abril de este a\u00f1o lleg\u00f3 la certificaci\u00f3n t\u00e9cnica necesaria por el acta de recepci\u00f3n. Se ha propuesto la modificaci\u00f3n de cr\u00e9dito porque no hab\u00eda la partida creada en el presupuesto de este a\u00f1o, a la espera de la certificaci\u00f3n<\/p>\n","protected":false},"excerpt":{"rendered":"<p>El passat dimecres 15 de maig a les 13h es va celebrar un Ple extraordinari a l&#8217;Ajuntament de al Bisbal del Pened\u00e8s. La regidora de Tots Som la Bisbal-Urbanizaciones Unidas, &hellip; <a href=\"https:\/\/bisbalpenedes.com\/web\/2024\/05\/21\/el-passat-15-de-maig-es-va-celebrar-un-ple-extraordinari-a-lajuntament-de-la-bisbal-del-penedes\/\" class=\"more-link\">Read More<\/a><\/p>\n","protected":false},"author":4,"featured_media":30325,"comment_status":"closed","ping_status":"closed","sticky":false,"template":"","format":"standard","meta":[],"categories":[8,2251,2250],"tags":[459,393,139,423],"_links":{"self":[{"href":"https:\/\/bisbalpenedes.com\/web\/wp-json\/wp\/v2\/posts\/30324"}],"collection":[{"href":"https:\/\/bisbalpenedes.com\/web\/wp-json\/wp\/v2\/posts"}],"about":[{"href":"https:\/\/bisbalpenedes.com\/web\/wp-json\/wp\/v2\/types\/post"}],"author":[{"embeddable":true,"href":"https:\/\/bisbalpenedes.com\/web\/wp-json\/wp\/v2\/users\/4"}],"replies":[{"embeddable":true,"href":"https:\/\/bisbalpenedes.com\/web\/wp-json\/wp\/v2\/comments?post=30324"}],"version-history":[{"count":1,"href":"https:\/\/bisbalpenedes.com\/web\/wp-json\/wp\/v2\/posts\/30324\/revisions"}],"predecessor-version":[{"id":30326,"href":"https:\/\/bisbalpenedes.com\/web\/wp-json\/wp\/v2\/posts\/30324\/revisions\/30326"}],"wp:featuredmedia":[{"embeddable":true,"href":"https:\/\/bisbalpenedes.com\/web\/wp-json\/wp\/v2\/media\/30325"}],"wp:attachment":[{"href":"https:\/\/bisbalpenedes.com\/web\/wp-json\/wp\/v2\/media?parent=30324"}],"wp:term":[{"taxonomy":"category","embeddable":true,"href":"https:\/\/bisbalpenedes.com\/web\/wp-json\/wp\/v2\/categories?post=30324"},{"taxonomy":"post_tag","embeddable":true,"href":"https:\/\/bisbalpenedes.com\/web\/wp-json\/wp\/v2\/tags?post=30324"}],"curies":[{"name":"wp","href":"https:\/\/api.w.org\/{rel}","templated":true}]}}