{"id":30320,"date":"2024-05-21T18:11:54","date_gmt":"2024-05-21T16:11:54","guid":{"rendered":"https:\/\/bisbalpenedes.com\/web\/?p=30320"},"modified":"2024-05-21T18:11:54","modified_gmt":"2024-05-21T16:11:54","slug":"el-divendres-31-de-maig-torna-la-supernit-a-la-biblioteca-publica-de-la-bisbal-del-penedes","status":"publish","type":"post","link":"https:\/\/bisbalpenedes.com\/web\/2024\/05\/21\/el-divendres-31-de-maig-torna-la-supernit-a-la-biblioteca-publica-de-la-bisbal-del-penedes\/","title":{"rendered":"El divendres 31 de maig torna la Supernit a la biblioteca p\u00fablica de la Bisbal del Pened\u00e8s!"},"content":{"rendered":"\n<p>Ei, S\u00fapers! El divendres 31 de maig podreu gaudir d&#8217;una nit d&#8217;aventures a la <a href=\"https:\/\/www.facebook.com\/BibliotecaBisbal?__cft__[0]=AZUE-YA1h8jnxPAsIiuRLAgA93bzdOgPn7-7m3qAZcURGWCfp7EO1dHN9cyiXPvgFCqng7iIjrYTkJDnJyFeOfI9I-4zPUxQigYkWTBiFDgnGTllXoHjhX2VE6axfCHGQisq4gq8Xp6H9vFCibwMHJ5cCsuiOIAy6XEHA_oRbIUj9nul5587bFtNXlVuLhMhl1n04rhYeAXdCFLIYInSJq6w&amp;__tn__=-]K-R\">Biblioteca p\u00fablica de la Bisbal del Pened\u00e8s<\/a>!<\/p>\n\n\n\n<p>Les places s\u00f3n limitades! Inscripcions a la Biblioteca.<\/p>\n\n\n\n<p>Activitat per a infants i fam\u00edlies amb infants de 6 a 12 anys.<\/p>\n\n\n\n<hr class=\"wp-block-separator has-alpha-channel-opacity\"\/>\n\n\n\n<p>\u00a1Ei, S\u00fapers! \u00a1El viernes 31 de mayo podr\u00e9is disfrutar de una noche de aventuras en la Biblioteca p\u00fablica de la Bisbal del Pened\u00e8s!<\/p>\n\n\n\n<p>Las plazas son limitadas! Inscripciones en la Biblioteca.<\/p>\n\n\n\n<p>Actividad para ni\u00f1os y ni\u00f1as y familias con ni\u00f1os y ni\u00f1as de 6 a 12 a\u00f1os.<\/p>\n","protected":false},"excerpt":{"rendered":"<p>Ei, S\u00fapers! El divendres 31 de maig podreu gaudir d&#8217;una nit d&#8217;aventures a la Biblioteca p\u00fablica de la Bisbal del Pened\u00e8s! Les places s\u00f3n limitades! Inscripcions a la Biblioteca. Activitat &hellip; <a href=\"https:\/\/bisbalpenedes.com\/web\/2024\/05\/21\/el-divendres-31-de-maig-torna-la-supernit-a-la-biblioteca-publica-de-la-bisbal-del-penedes\/\" class=\"more-link\">Read More<\/a><\/p>\n","protected":false},"author":4,"featured_media":30321,"comment_status":"closed","ping_status":"closed","sticky":false,"template":"","format":"standard","meta":[],"categories":[13,8],"tags":[1766,393,1374,6648,6649],"_links":{"self":[{"href":"https:\/\/bisbalpenedes.com\/web\/wp-json\/wp\/v2\/posts\/30320"}],"collection":[{"href":"https:\/\/bisbalpenedes.com\/web\/wp-json\/wp\/v2\/posts"}],"about":[{"href":"https:\/\/bisbalpenedes.com\/web\/wp-json\/wp\/v2\/types\/post"}],"author":[{"embeddable":true,"href":"https:\/\/bisbalpenedes.com\/web\/wp-json\/wp\/v2\/users\/4"}],"replies":[{"embeddable":true,"href":"https:\/\/bisbalpenedes.com\/web\/wp-json\/wp\/v2\/comments?post=30320"}],"version-history":[{"count":1,"href":"https:\/\/bisbalpenedes.com\/web\/wp-json\/wp\/v2\/posts\/30320\/revisions"}],"predecessor-version":[{"id":30322,"href":"https:\/\/bisbalpenedes.com\/web\/wp-json\/wp\/v2\/posts\/30320\/revisions\/30322"}],"wp:featuredmedia":[{"embeddable":true,"href":"https:\/\/bisbalpenedes.com\/web\/wp-json\/wp\/v2\/media\/30321"}],"wp:attachment":[{"href":"https:\/\/bisbalpenedes.com\/web\/wp-json\/wp\/v2\/media?parent=30320"}],"wp:term":[{"taxonomy":"category","embeddable":true,"href":"https:\/\/bisbalpenedes.com\/web\/wp-json\/wp\/v2\/categories?post=30320"},{"taxonomy":"post_tag","embeddable":true,"href":"https:\/\/bisbalpenedes.com\/web\/wp-json\/wp\/v2\/tags?post=30320"}],"curies":[{"name":"wp","href":"https:\/\/api.w.org\/{rel}","templated":true}]}}