{"id":3032,"date":"2017-08-23T23:17:58","date_gmt":"2017-08-23T17:17:58","guid":{"rendered":"http:\/\/bisbalpenedes.com\/web\/?p=3032"},"modified":"2017-08-24T00:04:26","modified_gmt":"2017-08-23T18:04:26","slug":"lajuntament-de-la-bisbal-patrocina-a-cinc-bisbalencs-i-bisbalenques","status":"publish","type":"post","link":"https:\/\/bisbalpenedes.com\/web\/2017\/08\/23\/lajuntament-de-la-bisbal-patrocina-a-cinc-bisbalencs-i-bisbalenques\/","title":{"rendered":"L&#8217;Ajuntament de la Bisbal patrocina a cinc bisbalencs i bisbalenques"},"content":{"rendered":"<p>La Bisbal del Pened\u00e8s patrocina a cinc bisbalencs i bisbalenques que realitzen activitats esportives o culturals en \u00e0mbits supramunicipals nacionals i internacionals. Aix\u00ed, portaran el nom i l&#8217;escut del poble impr\u00e8s i visible all\u00e0 on vagin a realitzar campionats, exposicions, confer\u00e8ncies o altres activitats amb el seu camp d&#8217;actuaci\u00f3.<\/p>\n<p>Enguany l&#8217;Ajuntament de La Bisbal del Pened\u00e8s comptava amb 2000\u20ac destinats a patrocinis i aquests han estat repartits entre els cinc, fent entrega de 400\u20ac a cada bisbalenc o bisbalenca patrocinat.<\/p>\n<p>Els bisbalencs que han rebut aquesta dotaci\u00f3 econ\u00f2mica enguany s\u00f3n els seg\u00fcents (a la fotografia apar\u00e8ixen amb la regidora d&#8217;Esports, Leo Uceda, en el moment de la signatura del contracte de patrocini):<\/p>\n<p style=\"text-align: center;\">Oriol Rodr\u00edguez Vives, pilot de moto bisbalenc.<\/p>\n<p style=\"text-align: center;\"><a href=\"http:\/\/bisbalpenedes.com\/web\/wp-content\/uploads\/2017\/08\/Oriol-Rodriguez.jpg\"><img loading=\"lazy\" class=\"aligncenter size-medium wp-image-3034\" title=\"Oriol Rodriguez\" src=\"http:\/\/bisbalpenedes.com\/web\/wp-content\/uploads\/2017\/08\/Oriol-Rodriguez-300x168.jpg\" alt=\"\" width=\"300\" height=\"168\" srcset=\"https:\/\/bisbalpenedes.com\/web\/wp-content\/uploads\/2017\/08\/Oriol-Rodriguez-300x168.jpg 300w, https:\/\/bisbalpenedes.com\/web\/wp-content\/uploads\/2017\/08\/Oriol-Rodriguez-600x338.jpg 600w, https:\/\/bisbalpenedes.com\/web\/wp-content\/uploads\/2017\/08\/Oriol-Rodriguez-1024x576.jpg 1024w\" sizes=\"(max-width: 300px) 100vw, 300px\" \/><\/a><\/p>\n<p style=\"text-align: center;\">N\u00faria Gabriel Escobar, gimnasta aer\u00f2bica<\/p>\n<p style=\"text-align: center;\"><a href=\"http:\/\/bisbalpenedes.com\/web\/wp-content\/uploads\/2017\/08\/Nuria-Gabriel1.jpg\"><img loading=\"lazy\" class=\"aligncenter size-medium wp-image-3036\" title=\"Nuria Gabriel\" src=\"http:\/\/bisbalpenedes.com\/web\/wp-content\/uploads\/2017\/08\/Nuria-Gabriel1-225x300.jpg\" alt=\"\" width=\"225\" height=\"300\" srcset=\"https:\/\/bisbalpenedes.com\/web\/wp-content\/uploads\/2017\/08\/Nuria-Gabriel1-225x300.jpg 225w, https:\/\/bisbalpenedes.com\/web\/wp-content\/uploads\/2017\/08\/Nuria-Gabriel1-600x800.jpg 600w, https:\/\/bisbalpenedes.com\/web\/wp-content\/uploads\/2017\/08\/Nuria-Gabriel1-768x1024.jpg 768w, https:\/\/bisbalpenedes.com\/web\/wp-content\/uploads\/2017\/08\/Nuria-Gabriel1.jpg 1200w\" sizes=\"(max-width: 225px) 100vw, 225px\" \/><\/a><\/p>\n<p style=\"text-align: center;\">Alexia Dom\u00e8nech Ochotorena, escultora i constructora de motos que participa en competicions<\/p>\n<p style=\"text-align: center;\"><a href=\"http:\/\/bisbalpenedes.com\/web\/wp-content\/uploads\/2017\/08\/Alexis-Ochotorena.jpg\"><img loading=\"lazy\" class=\"aligncenter size-medium wp-image-3037\" title=\"alexis ochotorena\" src=\"http:\/\/bisbalpenedes.com\/web\/wp-content\/uploads\/2017\/08\/Alexis-Ochotorena-300x225.jpg\" alt=\"\" width=\"300\" height=\"225\" srcset=\"https:\/\/bisbalpenedes.com\/web\/wp-content\/uploads\/2017\/08\/Alexis-Ochotorena-300x225.jpg 300w, https:\/\/bisbalpenedes.com\/web\/wp-content\/uploads\/2017\/08\/Alexis-Ochotorena-600x450.jpg 600w, https:\/\/bisbalpenedes.com\/web\/wp-content\/uploads\/2017\/08\/Alexis-Ochotorena-1024x768.jpg 1024w\" sizes=\"(max-width: 300px) 100vw, 300px\" \/><\/a><\/p>\n<p style=\"text-align: center;\">Aitor Pedrola Cacho, pescador d&#8217;Alta Competici\u00f3 Catalana<\/p>\n<p style=\"text-align: center;\"><a href=\"http:\/\/bisbalpenedes.com\/web\/wp-content\/uploads\/2017\/08\/Aitor-Pedrola.jpg\"><img loading=\"lazy\" class=\"aligncenter size-medium wp-image-3038\" title=\"Aitor Pedrola\" src=\"http:\/\/bisbalpenedes.com\/web\/wp-content\/uploads\/2017\/08\/Aitor-Pedrola-300x168.jpg\" alt=\"\" width=\"300\" height=\"168\" srcset=\"https:\/\/bisbalpenedes.com\/web\/wp-content\/uploads\/2017\/08\/Aitor-Pedrola-300x168.jpg 300w, https:\/\/bisbalpenedes.com\/web\/wp-content\/uploads\/2017\/08\/Aitor-Pedrola-600x338.jpg 600w, https:\/\/bisbalpenedes.com\/web\/wp-content\/uploads\/2017\/08\/Aitor-Pedrola-1024x576.jpg 1024w\" sizes=\"(max-width: 300px) 100vw, 300px\" \/><\/a><\/p>\n<p style=\"text-align: center;\">David Pedrola Vallverd\u00fa, pescador d&#8217;Alta Competici\u00f3 Catalana<\/p>\n<p><a href=\"http:\/\/bisbalpenedes.com\/web\/wp-content\/uploads\/2017\/08\/David-Pedrola.jpg\"><img loading=\"lazy\" class=\"aligncenter size-medium wp-image-3039\" title=\"David Pedrola\" src=\"http:\/\/bisbalpenedes.com\/web\/wp-content\/uploads\/2017\/08\/David-Pedrola-300x168.jpg\" alt=\"\" width=\"300\" height=\"168\" srcset=\"https:\/\/bisbalpenedes.com\/web\/wp-content\/uploads\/2017\/08\/David-Pedrola-300x168.jpg 300w, https:\/\/bisbalpenedes.com\/web\/wp-content\/uploads\/2017\/08\/David-Pedrola-600x338.jpg 600w, https:\/\/bisbalpenedes.com\/web\/wp-content\/uploads\/2017\/08\/David-Pedrola-1024x576.jpg 1024w\" sizes=\"(max-width: 300px) 100vw, 300px\" \/><\/a><\/p>\n<p>&nbsp;<\/p>\n<p>*Un contracte de patrocini, segons la Llei General de Publicitat, \u00e9s aquell pel qual el patrocinat, a canvi d\u2019una ajuda econ\u00f2mica per a la realitzaci\u00f3 de la seva activitat esportiva, ben\u00e8fica, cultural, cient\u00edfica o d\u2019un altre tipus, es compromet a col\u00b7laborar portant publicitat del patrocinador.<\/p>\n","protected":false},"excerpt":{"rendered":"<p>La Bisbal del Pened\u00e8s patrocina a cinc bisbalencs i bisbalenques que realitzen activitats esportives o culturals en \u00e0mbits supramunicipals nacionals i internacionals. Aix\u00ed, portaran el nom i l&#8217;escut del poble &hellip; <a href=\"https:\/\/bisbalpenedes.com\/web\/2017\/08\/23\/lajuntament-de-la-bisbal-patrocina-a-cinc-bisbalencs-i-bisbalenques\/\" class=\"more-link\">Read More<\/a><\/p>\n","protected":false},"author":4,"featured_media":3041,"comment_status":"closed","ping_status":"closed","sticky":false,"template":"","format":"standard","meta":[],"categories":[19],"tags":[744,742,743,745,368,741,740,455],"_links":{"self":[{"href":"https:\/\/bisbalpenedes.com\/web\/wp-json\/wp\/v2\/posts\/3032"}],"collection":[{"href":"https:\/\/bisbalpenedes.com\/web\/wp-json\/wp\/v2\/posts"}],"about":[{"href":"https:\/\/bisbalpenedes.com\/web\/wp-json\/wp\/v2\/types\/post"}],"author":[{"embeddable":true,"href":"https:\/\/bisbalpenedes.com\/web\/wp-json\/wp\/v2\/users\/4"}],"replies":[{"embeddable":true,"href":"https:\/\/bisbalpenedes.com\/web\/wp-json\/wp\/v2\/comments?post=3032"}],"version-history":[{"count":6,"href":"https:\/\/bisbalpenedes.com\/web\/wp-json\/wp\/v2\/posts\/3032\/revisions"}],"predecessor-version":[{"id":3043,"href":"https:\/\/bisbalpenedes.com\/web\/wp-json\/wp\/v2\/posts\/3032\/revisions\/3043"}],"wp:featuredmedia":[{"embeddable":true,"href":"https:\/\/bisbalpenedes.com\/web\/wp-json\/wp\/v2\/media\/3041"}],"wp:attachment":[{"href":"https:\/\/bisbalpenedes.com\/web\/wp-json\/wp\/v2\/media?parent=3032"}],"wp:term":[{"taxonomy":"category","embeddable":true,"href":"https:\/\/bisbalpenedes.com\/web\/wp-json\/wp\/v2\/categories?post=3032"},{"taxonomy":"post_tag","embeddable":true,"href":"https:\/\/bisbalpenedes.com\/web\/wp-json\/wp\/v2\/tags?post=3032"}],"curies":[{"name":"wp","href":"https:\/\/api.w.org\/{rel}","templated":true}]}}