{"id":30315,"date":"2024-05-21T16:49:05","date_gmt":"2024-05-21T14:49:05","guid":{"rendered":"https:\/\/bisbalpenedes.com\/web\/?p=30315"},"modified":"2024-05-21T16:50:22","modified_gmt":"2024-05-21T14:50:22","slug":"el-director-dels-serveis-territorials-dinterior-al-penedes-ha-visitat-lajuntament-de-la-bisbal-del-penedes-aquest-dilluns","status":"publish","type":"post","link":"https:\/\/bisbalpenedes.com\/web\/2024\/05\/21\/el-director-dels-serveis-territorials-dinterior-al-penedes-ha-visitat-lajuntament-de-la-bisbal-del-penedes-aquest-dilluns\/","title":{"rendered":"El director dels Serveis territorials d&#8217;Interior al Pened\u00e8s ha visitat l&#8217;Ajuntament de la Bisbal del Pened\u00e8s aquest dilluns"},"content":{"rendered":"\n<p>El director dels Serveis territorials d\u2019Interior al Pened\u00e8s, \u00c0ngel Soteras, ha visitat l\u2019Ajuntament de la Bisbal del Pened\u00e8s aquest dilluns. Soteras s\u2019ha reunit amb l\u2019alcaldessa Agn\u00e8s Ferr\u00e9, qui li ha traslladat les preocupacions que tenim com a municipi, entre elles la poca pres\u00e8ncia de Mossos d\u2019Esquadra a l\u2019interior de la comarca i el fet que, de la mateixa manera que la comarca ha crescut en poblaci\u00f3, tamb\u00e9 hauria de cr\u00e9ixer proporcionalment el nombre de persones que s\u2019hi destinen a protegir la poblaci\u00f3. Durant la trobada, tamb\u00e9 han parlat de la campanya de prevenci\u00f3 d\u2019incendis, sobre la qual l\u2019ajuntament rebr\u00e0 aviat tota la informaci\u00f3 per part de la Generalitat.<\/p>\n\n\n\n<hr class=\"wp-block-separator has-alpha-channel-opacity\"\/>\n\n\n\n<p><strong>CASTELLANO |<\/strong> El director de los Servicios territoriales de Interior en el Pened\u00e8s, \u00c0ngel Soteras, ha visitado el Ajuntament de la Bisbal del Pened\u00e8s este lunes. Soteras se ha reunido con la alcaldesa Agn\u00e8s Ferr\u00e9, quien le ha trasladado las preocupaciones que tenemos como municipio, entre ellas la poca presencia de Mossos d\u2019Esquadra en el interior de la comarca y el hecho que, de la misma manera que la comarca ha crecido en poblaci\u00f3n, tambi\u00e9n deber\u00eda crecer proporcionalmente en n\u00famero de personas que se destinan a proteger la poblaci\u00f3n. Durante el encuentro, tambi\u00e9n han hablado de la campa\u00f1a de prevenci\u00f3n de incendios, sobre la cual el ayuntamiento recibir\u00e1 pronto toda la informaci\u00f3n por parte de la Generalitat.<\/p>\n","protected":false},"excerpt":{"rendered":"<p>El director dels Serveis territorials d\u2019Interior al Pened\u00e8s, \u00c0ngel Soteras, ha visitat l\u2019Ajuntament de la Bisbal del Pened\u00e8s aquest dilluns. Soteras s\u2019ha reunit amb l\u2019alcaldessa Agn\u00e8s Ferr\u00e9, qui li ha &hellip; <a href=\"https:\/\/bisbalpenedes.com\/web\/2024\/05\/21\/el-director-dels-serveis-territorials-dinterior-al-penedes-ha-visitat-lajuntament-de-la-bisbal-del-penedes-aquest-dilluns\/\" class=\"more-link\">Read More<\/a><\/p>\n","protected":false},"author":4,"featured_media":30316,"comment_status":"closed","ping_status":"closed","sticky":false,"template":"","format":"standard","meta":[],"categories":[2057,8],"tags":[1151,1252],"_links":{"self":[{"href":"https:\/\/bisbalpenedes.com\/web\/wp-json\/wp\/v2\/posts\/30315"}],"collection":[{"href":"https:\/\/bisbalpenedes.com\/web\/wp-json\/wp\/v2\/posts"}],"about":[{"href":"https:\/\/bisbalpenedes.com\/web\/wp-json\/wp\/v2\/types\/post"}],"author":[{"embeddable":true,"href":"https:\/\/bisbalpenedes.com\/web\/wp-json\/wp\/v2\/users\/4"}],"replies":[{"embeddable":true,"href":"https:\/\/bisbalpenedes.com\/web\/wp-json\/wp\/v2\/comments?post=30315"}],"version-history":[{"count":1,"href":"https:\/\/bisbalpenedes.com\/web\/wp-json\/wp\/v2\/posts\/30315\/revisions"}],"predecessor-version":[{"id":30317,"href":"https:\/\/bisbalpenedes.com\/web\/wp-json\/wp\/v2\/posts\/30315\/revisions\/30317"}],"wp:featuredmedia":[{"embeddable":true,"href":"https:\/\/bisbalpenedes.com\/web\/wp-json\/wp\/v2\/media\/30316"}],"wp:attachment":[{"href":"https:\/\/bisbalpenedes.com\/web\/wp-json\/wp\/v2\/media?parent=30315"}],"wp:term":[{"taxonomy":"category","embeddable":true,"href":"https:\/\/bisbalpenedes.com\/web\/wp-json\/wp\/v2\/categories?post=30315"},{"taxonomy":"post_tag","embeddable":true,"href":"https:\/\/bisbalpenedes.com\/web\/wp-json\/wp\/v2\/tags?post=30315"}],"curies":[{"name":"wp","href":"https:\/\/api.w.org\/{rel}","templated":true}]}}