{"id":30302,"date":"2024-05-20T20:07:58","date_gmt":"2024-05-20T18:07:58","guid":{"rendered":"https:\/\/bisbalpenedes.com\/web\/?p=30302"},"modified":"2024-05-20T20:07:58","modified_gmt":"2024-05-20T18:07:58","slug":"lajuntament-de-la-bisbal-del-penedes-sha-adherit-a-la-iniciativa-no-puc-esperar-per-a-persones-que-necessiten-utilitzar-un-lavabo-de-forma-urgent-a-causa-dun-problema-medic","status":"publish","type":"post","link":"https:\/\/bisbalpenedes.com\/web\/2024\/05\/20\/lajuntament-de-la-bisbal-del-penedes-sha-adherit-a-la-iniciativa-no-puc-esperar-per-a-persones-que-necessiten-utilitzar-un-lavabo-de-forma-urgent-a-causa-dun-problema-medic\/","title":{"rendered":"L&#8217;Ajuntament de la Bisbal del Pened\u00e8s s&#8217;ha adherit a la iniciativa &#8220;No puc esperar&#8221; per a persones que necessiten utilitzar un lavabo de forma urgent a causa d&#8217;un problema m\u00e8dic"},"content":{"rendered":"\n<p>La bisbalenca Patr\u00edcia Cordero estudia infermeria a la URV i, en el marc d&#8217;un treball universitari, dies enrere va contactar amb l&#8217;Ajuntament de la Bisbal del Pened\u00e8s amb l&#8217;objectiu de donar a con\u00e8ixer la campanya &#8220;No puc esperar&#8221;, promoguda des d&#8217;Associaci\u00f3 de Malalts de Crohn i Colitis Ulcerosa de Catalunya (ACCU Catalunya) amb el suport del Consell Consultiu de Pacients de Catalunya de la Generalitat.<\/p>\n\n\n\n<figure class=\"wp-block-image size-large\"><img loading=\"lazy\" width=\"1024\" height=\"768\" src=\"https:\/\/bisbalpenedes.com\/web\/wp-content\/uploads\/2024\/05\/IMG_9815-1024x768.jpg\" alt=\"\" class=\"wp-image-30305\" srcset=\"https:\/\/bisbalpenedes.com\/web\/wp-content\/uploads\/2024\/05\/IMG_9815-1024x768.jpg 1024w, https:\/\/bisbalpenedes.com\/web\/wp-content\/uploads\/2024\/05\/IMG_9815-300x225.jpg 300w, https:\/\/bisbalpenedes.com\/web\/wp-content\/uploads\/2024\/05\/IMG_9815-768x576.jpg 768w, https:\/\/bisbalpenedes.com\/web\/wp-content\/uploads\/2024\/05\/IMG_9815-1536x1152.jpg 1536w, https:\/\/bisbalpenedes.com\/web\/wp-content\/uploads\/2024\/05\/IMG_9815-2048x1536.jpg 2048w, https:\/\/bisbalpenedes.com\/web\/wp-content\/uploads\/2024\/05\/IMG_9815-600x450.jpg 600w\" sizes=\"(max-width: 1024px) 100vw, 1024px\" \/><\/figure>\n\n\n\n<p>&#8220;No puc esperar&#8221; \u00e9s una iniciativa que permet que, aquelles persones que necessiten utilitzar un lavabo de manera urgent a causa d&#8217;un problema m\u00e8dic no contagi\u00f3s, puguin accedir als lavabos d&#8217;aquells establiments, ens, entitats o comer\u00e7os que s&#8217;hagin adherit a la campanya, presentant la targeta NPE. D&#8217;aquesta manera, aquestes persones poden accedir al lavabo d&#8217;aquests establiments, encara que no es tracti d&#8217;un lavabo d&#8217;\u00fas p\u00fablic i, aix\u00f2, dona tranquil\u00b7litat a les persones que pateixen aquestes problem\u00e0tiques a l&#8217;hora de sortir de casa, la qual cosa fa que puguin millorar la seva qualitat de vida. Amb aquesta iniciativa no nom\u00e9s s&#8217;ajuda a les persones que pateixen aquests problemes d&#8217;incontin\u00e8ncia sin\u00f3 que, a m\u00e9s, es dona visibilitat i es normalitza aquest problema que no nom\u00e9s afecta persones amb la malaltia de Crohn o Colitis Ulcerosa, sin\u00f3 que tamb\u00e9 afecta altres pacients que estan ostomitzats o colectomitzats, que han estat intervinguts de c\u00e0ncer de recte o que tenen altres afeccions que els metges col\u00b7laboradors en el projecte hagin considerat necessari incloure. La targeta NPE \u00e9s per a \u00fas dels pacients que pateixen aquestes problem\u00e0tiques, s\u00f3n gratu\u00eftes i s\u00f3n els metges dels hospitals col\u00b7laboradors els que les lliuren als pacients que considerin necessari. <\/p>\n\n\n\n<figure class=\"wp-block-image size-large\"><img loading=\"lazy\" width=\"1024\" height=\"768\" src=\"https:\/\/bisbalpenedes.com\/web\/wp-content\/uploads\/2024\/05\/IMG_9821-2-1024x768.jpg\" alt=\"\" class=\"wp-image-30306\" srcset=\"https:\/\/bisbalpenedes.com\/web\/wp-content\/uploads\/2024\/05\/IMG_9821-2-1024x768.jpg 1024w, https:\/\/bisbalpenedes.com\/web\/wp-content\/uploads\/2024\/05\/IMG_9821-2-300x225.jpg 300w, https:\/\/bisbalpenedes.com\/web\/wp-content\/uploads\/2024\/05\/IMG_9821-2-768x576.jpg 768w, https:\/\/bisbalpenedes.com\/web\/wp-content\/uploads\/2024\/05\/IMG_9821-2-1536x1152.jpg 1536w, https:\/\/bisbalpenedes.com\/web\/wp-content\/uploads\/2024\/05\/IMG_9821-2-600x450.jpg 600w, https:\/\/bisbalpenedes.com\/web\/wp-content\/uploads\/2024\/05\/IMG_9821-2.jpg 2048w\" sizes=\"(max-width: 1024px) 100vw, 1024px\" \/><\/figure>\n\n\n\n<p>Per a m\u00e9s informaci\u00f3 podeu accedir a: <a href=\"http:\/\/www.nopucesperar.org\">www.nopucesperar.org<\/a>\u00a0<\/p>\n\n\n\n<p>L&#8217;Ajuntament de la Bisbal del Pened\u00e8s s&#8217;ha adherit a la campanya i, durant les properes setmanes, la Patr\u00edcia i el regidor de Sanitat, Feliu Gil, visitaran els comer\u00e7os, bars i establiments per convidar-los a adherir-se a la iniciativa.<\/p>\n\n\n\n<p>El projecte explicat en 2 minuts: <a href=\"https:\/\/youtu.be\/LD7ucDnV1Ko?si=75rXxZL_OOClginG\">https:\/\/youtu.be\/LD7ucDnV1Ko?si=75rXxZL_OOClginG<\/a><\/p>\n\n\n\n<hr class=\"wp-block-separator has-alpha-channel-opacity\"\/>\n\n\n\n<p>CASTELLANO | La bisbalenca Patr\u00edcia Cordero estudia enfermer\u00eda en la URV y, en el marco de un trabajo universitario, d\u00edas atr\u00e1s contact\u00f3 con el Ajuntament de la Bisbal del Pened\u00e8s con el objetivo de dar a conocer la campa\u00f1a &#8220;No puc esperar&#8221;, promovida desdse la Associaci\u00f3 de Malalts de Crohn i Colitis Ulcerosa de Catalunya (ACCU Catalunya) con el soporte del Consell Consultiu de Pacients de Catalunya de la Generalitat.<\/p>\n\n\n\n<p>&#8220;No puc esperar&#8221; es una iniciativa que permite que, aquellas personas que necesitan utilizar un lavabo de manera urgente a causa de un problema m\u00e9dico no contagioso, puedan acceder a los lavabos de aquellos establecimientos, entes, entidades o comercios que se hayan adherido a la campa\u00f1a, presentando la tarjeta NPE. De esta manera, estas personas pueden acceder al lavabo de estos establecimientos, aunque no se trate de un lavabo de uso p\u00fablico y, esto, da tranquilidad a las personas que sufren estas problem\u00e1ticas a la hora de salir de casa, la cual cosa hace que puedan mejorar su calidad de vida. Con esta iniciativa no solamente se ayuda a las personas que sufren estos problemas de incontinencia sino que, adem\u00e1s, se da visibilidad y se normaliza este problema que no solamente afecta a personas con la enfermedad de Crohn o Colitis Ulcerosa, sino que tambi\u00e9n afecta a otros pacientes que est\u00e1n ostomizados o colectomizados, que han sido intervenidos de c\u00e1ncer de recto o que tienen otras afecciones que los m\u00e9dicos colaboradores en el proyecto hayan considerado necesario incluir. La tarjeta NPE es para uso de los pacientes que sufren estas problem\u00e1ticas, son gratuitas y son los m\u00e9dicos de los hospitales colaboradores las que se las entregan a los pacientes que consideren necesario. Para m\u00e1s informaci\u00f3n pod\u00e9is acceder a: <a href=\"http:\/\/www.nopucesperar.org\">www.nopucesperar.org<\/a><\/p>\n\n\n\n<p>El Ajuntament de la Bisbal del Pened\u00e8s se ha adherido a la campa\u00f1a y, durante las pr\u00f3ximas semanas, Patr\u00edcia y el concejal de Sanidad, Feliu Gil, visitar\u00e1n los comercios, bares y establecimientos para invitarles a adherirse a la iniciativa.<\/p>\n\n\n\n<p>El proyecto explicado en 2 minutos: <a href=\"https:\/\/youtu.be\/LD7ucDnV1Ko?si=75rXxZL_OOClginG\">https:\/\/youtu.be\/LD7ucDnV1Ko?si=75rXxZL_OOClginG<\/a><\/p>\n\n\n\n<p><\/p>\n","protected":false},"excerpt":{"rendered":"<p>La bisbalenca Patr\u00edcia Cordero estudia infermeria a la URV i, en el marc d&#8217;un treball universitari, dies enrere va contactar amb l&#8217;Ajuntament de la Bisbal del Pened\u00e8s amb l&#8217;objectiu de &hellip; <a href=\"https:\/\/bisbalpenedes.com\/web\/2024\/05\/20\/lajuntament-de-la-bisbal-del-penedes-sha-adherit-a-la-iniciativa-no-puc-esperar-per-a-persones-que-necessiten-utilitzar-un-lavabo-de-forma-urgent-a-causa-dun-problema-medic\/\" class=\"more-link\">Read More<\/a><\/p>\n","protected":false},"author":4,"featured_media":30304,"comment_status":"closed","ping_status":"closed","sticky":false,"template":"","format":"standard","meta":[],"categories":[2057,8,14],"tags":[6643,459,6645,393,6646,6642,6644,1374,4312,1214],"_links":{"self":[{"href":"https:\/\/bisbalpenedes.com\/web\/wp-json\/wp\/v2\/posts\/30302"}],"collection":[{"href":"https:\/\/bisbalpenedes.com\/web\/wp-json\/wp\/v2\/posts"}],"about":[{"href":"https:\/\/bisbalpenedes.com\/web\/wp-json\/wp\/v2\/types\/post"}],"author":[{"embeddable":true,"href":"https:\/\/bisbalpenedes.com\/web\/wp-json\/wp\/v2\/users\/4"}],"replies":[{"embeddable":true,"href":"https:\/\/bisbalpenedes.com\/web\/wp-json\/wp\/v2\/comments?post=30302"}],"version-history":[{"count":4,"href":"https:\/\/bisbalpenedes.com\/web\/wp-json\/wp\/v2\/posts\/30302\/revisions"}],"predecessor-version":[{"id":30309,"href":"https:\/\/bisbalpenedes.com\/web\/wp-json\/wp\/v2\/posts\/30302\/revisions\/30309"}],"wp:featuredmedia":[{"embeddable":true,"href":"https:\/\/bisbalpenedes.com\/web\/wp-json\/wp\/v2\/media\/30304"}],"wp:attachment":[{"href":"https:\/\/bisbalpenedes.com\/web\/wp-json\/wp\/v2\/media?parent=30302"}],"wp:term":[{"taxonomy":"category","embeddable":true,"href":"https:\/\/bisbalpenedes.com\/web\/wp-json\/wp\/v2\/categories?post=30302"},{"taxonomy":"post_tag","embeddable":true,"href":"https:\/\/bisbalpenedes.com\/web\/wp-json\/wp\/v2\/tags?post=30302"}],"curies":[{"name":"wp","href":"https:\/\/api.w.org\/{rel}","templated":true}]}}