{"id":30298,"date":"2024-05-20T18:40:48","date_gmt":"2024-05-20T16:40:48","guid":{"rendered":"https:\/\/bisbalpenedes.com\/web\/?p=30298"},"modified":"2024-05-20T18:40:48","modified_gmt":"2024-05-20T16:40:48","slug":"lajuntament-ha-iniciat-expedient-sancionador-a-diversos-veins-per-llencar-les-escombraries-a-les-papereres-del-nucli","status":"publish","type":"post","link":"https:\/\/bisbalpenedes.com\/web\/2024\/05\/20\/lajuntament-ha-iniciat-expedient-sancionador-a-diversos-veins-per-llencar-les-escombraries-a-les-papereres-del-nucli\/","title":{"rendered":"L&#8217;Ajuntament ha iniciat expedient sancionador a diversos ve\u00efns per llen\u00e7ar les escombraries a les papereres del nucli"},"content":{"rendered":"\n<p>Des de la Regidoria de Gesti\u00f3 de Residus denunciem, una vegada m\u00e9s, l&#8217;incivisme d&#8217;algunes persones. En aquesta ocasi\u00f3, fem una crida perqu\u00e8 el ve\u00efnat del municipi faci un bon \u00fas de les papereres i respecti els dies i hores en qu\u00e8 es fa la recollida porta a porta.<\/p>\n\n\n\n<p>L&#8217;Ajuntament de la Bisbal del Pened\u00e8s ha obert expedient sancionador a diversos ve\u00efns que durant la setmana passada i avui dilluns han dipositat bosses d&#8217;escombraries en papereres del nucli, ja que al seu interior s&#8217;han trobat dades personals dels infractors.<\/p>\n\n\n\n<p>Recordem que el Punt Verd est\u00e0 obert a tota la ciutadania i que, si en algun moment teniu necessitat de portar-hi alguna fracci\u00f3, ho podeu fer en horari d&#8217;obertura.<\/p>\n\n\n\n<hr class=\"wp-block-separator has-alpha-channel-opacity\"\/>\n\n\n\n<p>Desde la Concejal\u00eda de Gesti\u00f3n de Residuos denunciamos, una vez m\u00e1s, el incivismo de algunas personas. En esta ocasi\u00f3n, hacemos un llamamiento para que el vecindario del municipio haga un buen uso de las papeleras y respete los d\u00edas y horas en los que se hace la recogida puerta a puerta.<\/p>\n\n\n\n<p>El Ajuntament de la Bisbal del Pened\u00e8s ha abierto expediente sancionador a varios vecinos que, durante la semana pasada y hoy lunes, han depositado bolsas de basura en papeleras del n\u00facleo, ya que en su interior se han encontrado datos personales de los infractores.<\/p>\n\n\n\n<p>Recordamos que el Punt Verd est\u00e1 abierto a toda la ciudadan\u00eda y que, si en alg\u00fan momento ten\u00e9is necesidad de llevar alguna fracci\u00f3n, lo pod\u00e9is hacer en horario de abertura.<\/p>\n","protected":false},"excerpt":{"rendered":"<p>Des de la Regidoria de Gesti\u00f3 de Residus denunciem, una vegada m\u00e9s, l&#8217;incivisme d&#8217;algunes persones. En aquesta ocasi\u00f3, fem una crida perqu\u00e8 el ve\u00efnat del municipi faci un bon \u00fas &hellip; <a href=\"https:\/\/bisbalpenedes.com\/web\/2024\/05\/20\/lajuntament-ha-iniciat-expedient-sancionador-a-diversos-veins-per-llencar-les-escombraries-a-les-papereres-del-nucli\/\" class=\"more-link\">Read More<\/a><\/p>\n","protected":false},"author":4,"featured_media":30299,"comment_status":"closed","ping_status":"closed","sticky":false,"template":"","format":"standard","meta":[],"categories":[3215,8],"tags":[6640,1479,626,393,1984],"_links":{"self":[{"href":"https:\/\/bisbalpenedes.com\/web\/wp-json\/wp\/v2\/posts\/30298"}],"collection":[{"href":"https:\/\/bisbalpenedes.com\/web\/wp-json\/wp\/v2\/posts"}],"about":[{"href":"https:\/\/bisbalpenedes.com\/web\/wp-json\/wp\/v2\/types\/post"}],"author":[{"embeddable":true,"href":"https:\/\/bisbalpenedes.com\/web\/wp-json\/wp\/v2\/users\/4"}],"replies":[{"embeddable":true,"href":"https:\/\/bisbalpenedes.com\/web\/wp-json\/wp\/v2\/comments?post=30298"}],"version-history":[{"count":1,"href":"https:\/\/bisbalpenedes.com\/web\/wp-json\/wp\/v2\/posts\/30298\/revisions"}],"predecessor-version":[{"id":30300,"href":"https:\/\/bisbalpenedes.com\/web\/wp-json\/wp\/v2\/posts\/30298\/revisions\/30300"}],"wp:featuredmedia":[{"embeddable":true,"href":"https:\/\/bisbalpenedes.com\/web\/wp-json\/wp\/v2\/media\/30299"}],"wp:attachment":[{"href":"https:\/\/bisbalpenedes.com\/web\/wp-json\/wp\/v2\/media?parent=30298"}],"wp:term":[{"taxonomy":"category","embeddable":true,"href":"https:\/\/bisbalpenedes.com\/web\/wp-json\/wp\/v2\/categories?post=30298"},{"taxonomy":"post_tag","embeddable":true,"href":"https:\/\/bisbalpenedes.com\/web\/wp-json\/wp\/v2\/tags?post=30298"}],"curies":[{"name":"wp","href":"https:\/\/api.w.org\/{rel}","templated":true}]}}