{"id":30292,"date":"2024-05-17T19:33:32","date_gmt":"2024-05-17T17:33:32","guid":{"rendered":"https:\/\/bisbalpenedes.com\/web\/?p=30292"},"modified":"2024-05-17T19:33:32","modified_gmt":"2024-05-17T17:33:32","slug":"lalcaldessa-agnes-ferre-sha-reunit-amb-el-director-dels-serveis-territorials-de-justicia-al-penedes","status":"publish","type":"post","link":"https:\/\/bisbalpenedes.com\/web\/2024\/05\/17\/lalcaldessa-agnes-ferre-sha-reunit-amb-el-director-dels-serveis-territorials-de-justicia-al-penedes\/","title":{"rendered":"<strong>L\u2019alcaldessa Agn\u00e8s Ferr\u00e9 s\u2019ha reunit amb el director dels Serveis territorials de Just\u00edcia al Pened\u00e8s<\/strong>"},"content":{"rendered":"\n<p>Aquest dimarts 14 de maig, l\u2019alcaldessa Agn\u00e8s Ferr\u00e9 s\u2019ha reunit amb el director dels Serveis Territorials de Just\u00edcia al Pened\u00e8s, el Sr. Xavier Llopart. Durant la trobada, s\u2019han tractat diversos temes referents a aquesta \u00e0rea, entre ells el funcionament del jutjat de Pau del municipi i la mem\u00f2ria hist\u00f2rica del municipi, aix\u00ed com les accions que s\u2019han anat fent per preservar-la.<\/p>\n\n\n\n<p>Llopart \u00e9s director dels Serveis Territorials de Just\u00edcia al Pened\u00e8s des de finals del novembre del 2023. Ara, aquests serveis estan ubicats a les instal\u00b7lacions de l\u2019Eina del Vendrell, juntament amb els d\u2019Educaci\u00f3 i Drets Socials.<\/p>\n\n\n\n<hr class=\"wp-block-separator has-alpha-channel-opacity\"\/>\n\n\n\n<p>Este martes 14 de mayo, la alcaldesa Agn\u00e8s Ferr\u00e9 se ha reunido con el director de los Servicios Territoriales de Justicia en el Pened\u00e8s, el Sr. Xavier Llopart. Durante la reuni\u00f3n, se han tratado varios temas referentes a esta \u00e1rea, entre ellos el funcionamiento del juzgado de Paz del municipio y la memoria hist\u00f3rica del municipio, as\u00ed como las acciones que se han ido haciendo para preservarla.<\/p>\n\n\n\n<p>Llopart es director de los Servicios Territoriales de Justicia en el Pened\u00e8s desde finales de noviembre del 2023. Ahora, estos servicios est\u00e1n ubicados en las instalaciones de L\u2019Eina del Vendrell, junto con los de Educaci\u00f3n y Derechos Sociales.<\/p>\n","protected":false},"excerpt":{"rendered":"<p>Aquest dimarts 14 de maig, l\u2019alcaldessa Agn\u00e8s Ferr\u00e9 s\u2019ha reunit amb el director dels Serveis Territorials de Just\u00edcia al Pened\u00e8s, el Sr. Xavier Llopart. Durant la trobada, s\u2019han tractat diversos &hellip; <a href=\"https:\/\/bisbalpenedes.com\/web\/2024\/05\/17\/lalcaldessa-agnes-ferre-sha-reunit-amb-el-director-dels-serveis-territorials-de-justicia-al-penedes\/\" class=\"more-link\">Read More<\/a><\/p>\n","protected":false},"author":4,"featured_media":30293,"comment_status":"closed","ping_status":"closed","sticky":false,"template":"","format":"standard","meta":[],"categories":[2057,8],"tags":[459,3440,5528,1374,397,6639],"_links":{"self":[{"href":"https:\/\/bisbalpenedes.com\/web\/wp-json\/wp\/v2\/posts\/30292"}],"collection":[{"href":"https:\/\/bisbalpenedes.com\/web\/wp-json\/wp\/v2\/posts"}],"about":[{"href":"https:\/\/bisbalpenedes.com\/web\/wp-json\/wp\/v2\/types\/post"}],"author":[{"embeddable":true,"href":"https:\/\/bisbalpenedes.com\/web\/wp-json\/wp\/v2\/users\/4"}],"replies":[{"embeddable":true,"href":"https:\/\/bisbalpenedes.com\/web\/wp-json\/wp\/v2\/comments?post=30292"}],"version-history":[{"count":1,"href":"https:\/\/bisbalpenedes.com\/web\/wp-json\/wp\/v2\/posts\/30292\/revisions"}],"predecessor-version":[{"id":30294,"href":"https:\/\/bisbalpenedes.com\/web\/wp-json\/wp\/v2\/posts\/30292\/revisions\/30294"}],"wp:featuredmedia":[{"embeddable":true,"href":"https:\/\/bisbalpenedes.com\/web\/wp-json\/wp\/v2\/media\/30293"}],"wp:attachment":[{"href":"https:\/\/bisbalpenedes.com\/web\/wp-json\/wp\/v2\/media?parent=30292"}],"wp:term":[{"taxonomy":"category","embeddable":true,"href":"https:\/\/bisbalpenedes.com\/web\/wp-json\/wp\/v2\/categories?post=30292"},{"taxonomy":"post_tag","embeddable":true,"href":"https:\/\/bisbalpenedes.com\/web\/wp-json\/wp\/v2\/tags?post=30292"}],"curies":[{"name":"wp","href":"https:\/\/api.w.org\/{rel}","templated":true}]}}