{"id":30286,"date":"2024-05-17T19:24:08","date_gmt":"2024-05-17T17:24:08","guid":{"rendered":"https:\/\/bisbalpenedes.com\/web\/?p=30286"},"modified":"2024-05-17T19:24:08","modified_gmt":"2024-05-17T17:24:08","slug":"el-casal-destiu-comencara-el-25-de-juny-i-la-reunio-informativa-es-fara-el-divendres-31-de-maig","status":"publish","type":"post","link":"https:\/\/bisbalpenedes.com\/web\/2024\/05\/17\/el-casal-destiu-comencara-el-25-de-juny-i-la-reunio-informativa-es-fara-el-divendres-31-de-maig\/","title":{"rendered":"El Casal d&#8217;Estiu comen\u00e7ar\u00e0 el 25 de juny i la reuni\u00f3 informativa es far\u00e0 el divendres 31 de maig"},"content":{"rendered":"\n<p>Ja tenim aqu\u00ed el Casal d&#8217;Estiu 2024! Enguany, la Ballaruga ens far\u00e0 viatjar fins al pa\u00eds de les meravelles! Us adjuntem les imatges on trobareu tota la informaci\u00f3.<\/p>\n\n\n\n<p>La reuni\u00f3 informativa es far\u00e0 el divendres 31 de maig a les 19:30h a la Sala de plens de l&#8217;Ajuntament de la Bisbal del Pened\u00e8s.<\/p>\n\n\n\n<hr class=\"wp-block-separator has-alpha-channel-opacity\"\/>\n\n\n\n<p>\u00a1Ya tenemos aqu\u00ed el Casal d&#8217;Estiu 2024! Este a\u00f1o, \u00a1La Ballaruga nos har\u00e1 viajar hasta el pa\u00eds de las maravillas! Os adjuntamos las im\u00e1genes en las que encontrar\u00e9is toda la informaci\u00f3n.<\/p>\n\n\n\n<p>La reuni\u00f3n informativa se har\u00e1 el viernes 31 de mayo a las 19:30h en la Sala de plenos del Ajuntament de la Bisbal de la Bisbal del Pened\u00e8s.<\/p>\n\n\n\n<figure class=\"wp-block-image size-large\"><img loading=\"lazy\" width=\"1024\" height=\"1024\" src=\"https:\/\/bisbalpenedes.com\/web\/wp-content\/uploads\/2024\/05\/WhatsApp-Image-2024-05-17-at-09.24.42-1024x1024.jpeg\" alt=\"\" class=\"wp-image-30289\" srcset=\"https:\/\/bisbalpenedes.com\/web\/wp-content\/uploads\/2024\/05\/WhatsApp-Image-2024-05-17-at-09.24.42-1024x1024.jpeg 1024w, https:\/\/bisbalpenedes.com\/web\/wp-content\/uploads\/2024\/05\/WhatsApp-Image-2024-05-17-at-09.24.42-300x300.jpeg 300w, https:\/\/bisbalpenedes.com\/web\/wp-content\/uploads\/2024\/05\/WhatsApp-Image-2024-05-17-at-09.24.42-150x150.jpeg 150w, https:\/\/bisbalpenedes.com\/web\/wp-content\/uploads\/2024\/05\/WhatsApp-Image-2024-05-17-at-09.24.42-768x768.jpeg 768w, https:\/\/bisbalpenedes.com\/web\/wp-content\/uploads\/2024\/05\/WhatsApp-Image-2024-05-17-at-09.24.42-600x600.jpeg 600w, https:\/\/bisbalpenedes.com\/web\/wp-content\/uploads\/2024\/05\/WhatsApp-Image-2024-05-17-at-09.24.42-100x100.jpeg 100w, https:\/\/bisbalpenedes.com\/web\/wp-content\/uploads\/2024\/05\/WhatsApp-Image-2024-05-17-at-09.24.42.jpeg 1080w\" sizes=\"(max-width: 1024px) 100vw, 1024px\" \/><\/figure>\n","protected":false},"excerpt":{"rendered":"<p>Ja tenim aqu\u00ed el Casal d&#8217;Estiu 2024! Enguany, la Ballaruga ens far\u00e0 viatjar fins al pa\u00eds de les meravelles! Us adjuntem les imatges on trobareu tota la informaci\u00f3. La reuni\u00f3 &hellip; <a href=\"https:\/\/bisbalpenedes.com\/web\/2024\/05\/17\/el-casal-destiu-comencara-el-25-de-juny-i-la-reunio-informativa-es-fara-el-divendres-31-de-maig\/\" class=\"more-link\">Read More<\/a><\/p>\n","protected":false},"author":4,"featured_media":30288,"comment_status":"closed","ping_status":"closed","sticky":false,"template":"","format":"standard","meta":[],"categories":[398,8],"tags":[459,108,244,6638,273,245,393,397],"_links":{"self":[{"href":"https:\/\/bisbalpenedes.com\/web\/wp-json\/wp\/v2\/posts\/30286"}],"collection":[{"href":"https:\/\/bisbalpenedes.com\/web\/wp-json\/wp\/v2\/posts"}],"about":[{"href":"https:\/\/bisbalpenedes.com\/web\/wp-json\/wp\/v2\/types\/post"}],"author":[{"embeddable":true,"href":"https:\/\/bisbalpenedes.com\/web\/wp-json\/wp\/v2\/users\/4"}],"replies":[{"embeddable":true,"href":"https:\/\/bisbalpenedes.com\/web\/wp-json\/wp\/v2\/comments?post=30286"}],"version-history":[{"count":1,"href":"https:\/\/bisbalpenedes.com\/web\/wp-json\/wp\/v2\/posts\/30286\/revisions"}],"predecessor-version":[{"id":30290,"href":"https:\/\/bisbalpenedes.com\/web\/wp-json\/wp\/v2\/posts\/30286\/revisions\/30290"}],"wp:featuredmedia":[{"embeddable":true,"href":"https:\/\/bisbalpenedes.com\/web\/wp-json\/wp\/v2\/media\/30288"}],"wp:attachment":[{"href":"https:\/\/bisbalpenedes.com\/web\/wp-json\/wp\/v2\/media?parent=30286"}],"wp:term":[{"taxonomy":"category","embeddable":true,"href":"https:\/\/bisbalpenedes.com\/web\/wp-json\/wp\/v2\/categories?post=30286"},{"taxonomy":"post_tag","embeddable":true,"href":"https:\/\/bisbalpenedes.com\/web\/wp-json\/wp\/v2\/tags?post=30286"}],"curies":[{"name":"wp","href":"https:\/\/api.w.org\/{rel}","templated":true}]}}