{"id":30279,"date":"2024-05-17T14:33:28","date_gmt":"2024-05-17T12:33:28","guid":{"rendered":"https:\/\/bisbalpenedes.com\/web\/?p=30279"},"modified":"2024-05-17T14:48:38","modified_gmt":"2024-05-17T12:48:38","slug":"sinicien-els-preparatius-per-a-la-consulta-no-referendaria-sectorial-sobre-el-parc-empresarial-de-les-planes-del-vent","status":"publish","type":"post","link":"https:\/\/bisbalpenedes.com\/web\/2024\/05\/17\/sinicien-els-preparatius-per-a-la-consulta-no-referendaria-sectorial-sobre-el-parc-empresarial-de-les-planes-del-vent\/","title":{"rendered":"S&#8217;inicien els preparatius per a la consulta no referend\u00e0ria sectorial sobre el parc empresarial de les Planes del Vent"},"content":{"rendered":"\n<p><strong>Aquest divendres s\u2019ha produ\u00eft la primera reuni\u00f3 de treball entre l\u2019Ajuntament i la comissi\u00f3 promotora de la consulta<\/strong><\/p>\n\n\n\n<p>L\u2019Ajuntament de la Bisbal del Pened\u00e8s va publicar dimecres el Decret d\u2019admissi\u00f3 a tr\u00e0mit de la consulta popular no referend\u00e0ria que preguntar\u00e0 als bisbalencs i bisbalenques del nucli i la Miralba sobre el futur parc empresarial de les Planes del Vent.<\/p>\n\n\n\n<p>Malgrat que l\u2019equip de govern municipal no comparteix la resoluci\u00f3 de la Comissi\u00f3 de Control de les Consultes Populars no Referend\u00e0ries, no recorrer\u00e0 l\u2019acord.<\/p>\n\n\n\n<p>Per aquest motiu, avui divendres s\u2019ha produ\u00eft la primera reuni\u00f3 entre l\u2019Ajuntament i la comissi\u00f3 promotora de la consulta, amb l\u2019objectiu de col\u00b7laborar en els preparatius per&nbsp; a fer-la.<\/p>\n\n\n\n<p>En aquest sentit, l\u2019alcaldessa Agn\u00e8s Ferr\u00e9 ha reiterat la voluntat de l\u2019Ajuntament d\u2019oferir m\u00e0 estesa als qui s\u2019oposen al parc, i a arribar a consensos per fer possible un projecte que suposar\u00e0 un nou impuls per la Bisbal del Pened\u00e8s.<\/p>\n\n\n\n<hr class=\"wp-block-separator has-alpha-channel-opacity\"\/>\n\n\n\n<p><strong>CASTELLANO |<\/strong>&nbsp;<strong>Este viernes se ha producido la primera reuni\u00f3n de trabajo entre el Ajuntament y la comisi\u00f3n promotora de la consulta<\/strong><\/p>\n\n\n\n<p>El Ajuntament de la Bisbal del Pened\u00e8s public\u00f3 el mi\u00e9rcoles el Decreto de admisi\u00f3n a tr\u00e1mite de la consulta popular no refrendaria que preguntar\u00e1 a los bisbalencs y bisbalenques del n\u00facleo y la Miralba sobre el futuro parque empresarial de les Planes del Vent.<\/p>\n\n\n\n<p>Aunque el equipo de gobierno municipal no comparte la resoluci\u00f3n de la comisi\u00f3n de Control de las Consultas Populares no Refrendarias, no recorrer\u00e1 el acuerdo.<\/p>\n\n\n\n<p>Por este motivo, hoy viernes se ha producido la primera reuni\u00f3n entre el Ajuntament y la Comisi\u00f3n promotora de la consulta, con el objetivo de colaborar en los preparativos para hacerla.<\/p>\n\n\n\n<p>En este sentido, la alcaldesa Agn\u00e8s Ferr\u00e9 ha reiterado la voluntad del Ajuntament de tender la mano a los que se oponen al parque, y a llegar a consensos para hacer posible un proyecto que supondr\u00e1 un nuevo impulso para la Bisbal del Pened\u00e8s.<\/p>\n","protected":false},"excerpt":{"rendered":"<p>Aquest divendres s\u2019ha produ\u00eft la primera reuni\u00f3 de treball entre l\u2019Ajuntament i la comissi\u00f3 promotora de la consulta L\u2019Ajuntament de la Bisbal del Pened\u00e8s va publicar dimecres el Decret d\u2019admissi\u00f3 &hellip; <a href=\"https:\/\/bisbalpenedes.com\/web\/2024\/05\/17\/sinicien-els-preparatius-per-a-la-consulta-no-referendaria-sectorial-sobre-el-parc-empresarial-de-les-planes-del-vent\/\" class=\"more-link\">Read More<\/a><\/p>\n","protected":false},"author":4,"featured_media":30284,"comment_status":"closed","ping_status":"closed","sticky":false,"template":"","format":"standard","meta":[],"categories":[2377,8],"tags":[459,6637,122,393,6311,1374],"_links":{"self":[{"href":"https:\/\/bisbalpenedes.com\/web\/wp-json\/wp\/v2\/posts\/30279"}],"collection":[{"href":"https:\/\/bisbalpenedes.com\/web\/wp-json\/wp\/v2\/posts"}],"about":[{"href":"https:\/\/bisbalpenedes.com\/web\/wp-json\/wp\/v2\/types\/post"}],"author":[{"embeddable":true,"href":"https:\/\/bisbalpenedes.com\/web\/wp-json\/wp\/v2\/users\/4"}],"replies":[{"embeddable":true,"href":"https:\/\/bisbalpenedes.com\/web\/wp-json\/wp\/v2\/comments?post=30279"}],"version-history":[{"count":2,"href":"https:\/\/bisbalpenedes.com\/web\/wp-json\/wp\/v2\/posts\/30279\/revisions"}],"predecessor-version":[{"id":30281,"href":"https:\/\/bisbalpenedes.com\/web\/wp-json\/wp\/v2\/posts\/30279\/revisions\/30281"}],"wp:featuredmedia":[{"embeddable":true,"href":"https:\/\/bisbalpenedes.com\/web\/wp-json\/wp\/v2\/media\/30284"}],"wp:attachment":[{"href":"https:\/\/bisbalpenedes.com\/web\/wp-json\/wp\/v2\/media?parent=30279"}],"wp:term":[{"taxonomy":"category","embeddable":true,"href":"https:\/\/bisbalpenedes.com\/web\/wp-json\/wp\/v2\/categories?post=30279"},{"taxonomy":"post_tag","embeddable":true,"href":"https:\/\/bisbalpenedes.com\/web\/wp-json\/wp\/v2\/tags?post=30279"}],"curies":[{"name":"wp","href":"https:\/\/api.w.org\/{rel}","templated":true}]}}