{"id":30276,"date":"2024-05-16T13:25:20","date_gmt":"2024-05-16T11:25:20","guid":{"rendered":"https:\/\/bisbalpenedes.com\/web\/?p=30276"},"modified":"2024-05-16T13:25:20","modified_gmt":"2024-05-16T11:25:20","slug":"saprova-la-segona-prorroga-de-la-gestio-del-servei-de-bar-i-de-la-piscina-municipal","status":"publish","type":"post","link":"https:\/\/bisbalpenedes.com\/web\/2024\/05\/16\/saprova-la-segona-prorroga-de-la-gestio-del-servei-de-bar-i-de-la-piscina-municipal\/","title":{"rendered":"<strong>S&#8217;aprova la segona pr\u00f2rroga de la gesti\u00f3 del servei de bar i de la piscina municipal<\/strong>"},"content":{"rendered":"\n<p>La Junta de Govern d&#8217;aquest dilluns 13 de maig ha aprovat, a petici\u00f3 de la Regidoria d&#8217;Esports, la segona pr\u00f2rroga del contracte del servei de gesti\u00f3 de la piscina municipal a SERAF Pened\u00e8s, SL -l&#8217;empresa a qual se li va adjudicar el 2022- per un preu de 36.179\u20ac (IVA incl\u00f2s).<\/p>\n\n\n\n<p>Aquesta pr\u00f2rroga per a la temporada de piscina 2024 va del divendres 14 de juny al diumenge 8 de setembre, ambd\u00f3s inclosos. L&#8217;horari de la piscina ser\u00e0 de dilluns a diumenge d&#8217;11 a 20h.<\/p>\n\n\n\n<hr class=\"wp-block-separator has-alpha-channel-opacity\"\/>\n\n\n\n<p><strong>CASTELLANO |<\/strong> La Junta de Gobierno de este lunes 13 de mayo ha aprobado, a petici\u00f3n de la Concejal\u00eda de Deportes, la segunda pr\u00f3rroga del contrato del servicio de gesti\u00f3n de la piscina municipal a SERAF Pened\u00e8s SL-la empresa a la que se le adjudic\u00f3 el 2022- por un precio de 36.179\u20ac (IVA incluido).<\/p>\n\n\n\n<p>Esta pr\u00f3rroga para la temporada de piscina 2024 va del viernes 14 de junio al domingo 8 de septiembre, ambos incluidos. El horario de la piscina ser\u00e1 de lunes a domingo de 11 a 20h.<\/p>\n\n\n\n<p><\/p>\n","protected":false},"excerpt":{"rendered":"<p>La Junta de Govern d&#8217;aquest dilluns 13 de maig ha aprovat, a petici\u00f3 de la Regidoria d&#8217;Esports, la segona pr\u00f2rroga del contracte del servei de gesti\u00f3 de la piscina municipal &hellip; <a href=\"https:\/\/bisbalpenedes.com\/web\/2024\/05\/16\/saprova-la-segona-prorroga-de-la-gestio-del-servei-de-bar-i-de-la-piscina-municipal\/\" class=\"more-link\">Read More<\/a><\/p>\n","protected":false},"author":4,"featured_media":25267,"comment_status":"closed","ping_status":"closed","sticky":false,"template":"","format":"standard","meta":[],"categories":[19,3085,8],"tags":[393],"_links":{"self":[{"href":"https:\/\/bisbalpenedes.com\/web\/wp-json\/wp\/v2\/posts\/30276"}],"collection":[{"href":"https:\/\/bisbalpenedes.com\/web\/wp-json\/wp\/v2\/posts"}],"about":[{"href":"https:\/\/bisbalpenedes.com\/web\/wp-json\/wp\/v2\/types\/post"}],"author":[{"embeddable":true,"href":"https:\/\/bisbalpenedes.com\/web\/wp-json\/wp\/v2\/users\/4"}],"replies":[{"embeddable":true,"href":"https:\/\/bisbalpenedes.com\/web\/wp-json\/wp\/v2\/comments?post=30276"}],"version-history":[{"count":1,"href":"https:\/\/bisbalpenedes.com\/web\/wp-json\/wp\/v2\/posts\/30276\/revisions"}],"predecessor-version":[{"id":30277,"href":"https:\/\/bisbalpenedes.com\/web\/wp-json\/wp\/v2\/posts\/30276\/revisions\/30277"}],"wp:featuredmedia":[{"embeddable":true,"href":"https:\/\/bisbalpenedes.com\/web\/wp-json\/wp\/v2\/media\/25267"}],"wp:attachment":[{"href":"https:\/\/bisbalpenedes.com\/web\/wp-json\/wp\/v2\/media?parent=30276"}],"wp:term":[{"taxonomy":"category","embeddable":true,"href":"https:\/\/bisbalpenedes.com\/web\/wp-json\/wp\/v2\/categories?post=30276"},{"taxonomy":"post_tag","embeddable":true,"href":"https:\/\/bisbalpenedes.com\/web\/wp-json\/wp\/v2\/tags?post=30276"}],"curies":[{"name":"wp","href":"https:\/\/api.w.org\/{rel}","templated":true}]}}