{"id":30273,"date":"2024-05-16T13:16:35","date_gmt":"2024-05-16T11:16:35","guid":{"rendered":"https:\/\/bisbalpenedes.com\/web\/?p=30273"},"modified":"2024-05-16T13:16:35","modified_gmt":"2024-05-16T11:16:35","slug":"ahir-dimecres-el-cmc-va-acollir-una-xerrada-informativa-sobre-la-processionaria","status":"publish","type":"post","link":"https:\/\/bisbalpenedes.com\/web\/2024\/05\/16\/ahir-dimecres-el-cmc-va-acollir-una-xerrada-informativa-sobre-la-processionaria\/","title":{"rendered":"Ahir dimecres el CMC va acollir una xerrada informativa sobre la procession\u00e0ria"},"content":{"rendered":"\n<p>Ahir dimecres, el CMC va acollir una xerrada sobre la procession\u00e0ria, amb l\u2019objectiu d\u2019informar la ciutadania sobre els tractaments que s\u2019iniciaran la setmana vinent (sempre que la situaci\u00f3 meteorol\u00f2gica ho permeti) i fer una explicaci\u00f3 sobre el cicle de l\u2019eruga i com combatre-la a les llars particulars. L\u2019acte el va presentar el regidor de Sanitat, Feliu Gil, que va explicar que \u201cenguany hem estat un dels municipis amb menys procession\u00e0ria, la qual cosa vol dir que els tractaments que fem ens estan funcionant\u201d. No obstant aix\u00f2, va recordar que \u201csi nosaltres fem tractaments en l\u2019arbrat p\u00fablic i en determinades zones de m\u00e9s aflu\u00e8ncia de persones, per\u00f2 els particulars no fan res per a combatre-la a les seves cases, el problema persisteix\u201d.&nbsp;<\/p>\n\n\n\n<p>La xerrada va anar a c\u00e0rrec del supervisor del servei, Sergi Ba\u00f1o; i de la cap d\u2019operacions, Alba Dant\u00ed; de l\u2019empresa Ambient Servei Control de Plagues S.L.<\/p>\n\n\n\n<p>Des de l\u2019empresa, van explicar que la procession\u00e0ria fa un cicle i que no es poden aplicar tractaments durant tot l\u2019any, sin\u00f3 que s\u2019han de calcular els moments concrets. En aquest sentit, van fer saber als assistents que els canvis en la climatologia i la sequera que estem patint en els darrers temps, afecten el cicle d\u2019aquest insecte i que, fins i tot, \u00e9s probable que en uns anys h\u00e0gim de parlar de dos cicles l\u2019any, i no un com fins ara.&nbsp;<\/p>\n\n\n\n<p>Els tractaments que s\u2019apliquen a la Bisbal del Pened\u00e8s s\u00f3n les bosses amb feromones per capturar les papallones i aix\u00ed evitar la posta d\u2019ous i l\u2019endoter\u00e0pia, que consisteix a injectar un producte, a l\u2019arbre, que fa que morin les larves. Aquest \u00e9s un producte biol\u00f2gic, 100% efectiu, espec\u00edfic per a la procession\u00e0ria, que \u00e9s innocu per a la resta d\u2019insectes i animals i que, a m\u00e9s, no afecta l\u2019arbre ni el seu creixement.<\/p>\n\n\n\n<p>Quant a la ciutadania, les recomanacions que va fer l\u2019empresa van ser: col\u00b7locar anells amb bossa als troncs dels arbres per recollir les erugues en baixar (\u00e9s a dir, trampes casolanes o comprades en botigues especialitzades), escombrar les fileres de procession\u00e0ria (en dies no ventosos) amb recollidor i bossa incorporada, per evitar la dispersi\u00f3 de p\u00e8ls urticants; i la poda manual, a principis de setembre-octubre- de les branques amb nius petits. No obstant aix\u00f2, el tractament m\u00e9s efectiu sempre ser\u00e0 un tractament d\u2019endoter\u00e0pia vegetal a trav\u00e9s d\u2019una empresa autoritzada, ja que aquest tractament tindria una efic\u00e0cia d\u2019un 100%.&nbsp;<\/p>\n\n\n\n<hr class=\"wp-block-separator has-alpha-channel-opacity\"\/>\n\n\n\n<p><strong>CASTELLANO |<\/strong>&nbsp;Ayer mi\u00e9rcoles, el CMC acogi\u00f3 una charla sobre la procesionaria, con el objetivo de informar a la ciudadan\u00eda sobre los tratamientos que se iniciar\u00e1n la semana que viene (siempre que la situaci\u00f3n meteorol\u00f3gica lo permita) y hacer una explicaci\u00f3n sobre el ciclo de la oruga y c\u00f3mo combatirla en las casas particulares. El acto lo present\u00f3 el concejal de Sanidad, Feliu Gil, que explic\u00f3 que \u201ceste a\u00f1o hemos sido uno de los municipios con menos procesionaria, la cual cosa quiere decir que los tratamientos que hacemos nos est\u00e1n funcionando\u201d. No obstante, record\u00f3 que \u201csi nosotros hacemos tratamientos en el arbolado p\u00fablico y en determinadas zonas de m\u00e1s afluencia de personas, pero los particulares no hacen nada para combatirla en sus casas, el problema persiste\u201d. La charla fue a cargo del supervisor del servicio, Sergi Ba\u00f1o; y de la jefa de operaciones, Alba Dant\u00ed; de la empresa Ambient Servei Control de Plagues S.L.<\/p>\n\n\n\n<p>Desde la empresa, explicaron que la procesionaria hace un ciclo y que no se pueden aplicar tratamientos durante todo el a\u00f1o, sino que se tienen que calcular los momentos concretos. En este sentido, le hicieron saber a los asistentes que los cambios en la climatolog\u00eda y la sequ\u00eda que estamos sufriendo en los \u00faltimos tiempos, afectan al ciclo de este insecto y que, incluso, es probable que en unos a\u00f1os tengamos que hablar de dos ciclos al a\u00f1o, y no uno como hasta ahora.<\/p>\n\n\n\n<p>Los tratamientos que se aplican en la Bisbal del Pened\u00e8s son las bolsas con feromonas para capturar a las mariposas y as\u00ed evitar que pongan huevos y la endoterapia, que consiste en inyectar un producto, en el \u00e1rbol, que hace que se mueran las larvas. Este es un producto biol\u00f3gico, 100% efectivo, espec\u00edfico para la procesionaria, que es inocuo para el resto de insectos y animales y que, adem\u00e1s, no afecta al \u00e1rbol ni a su crecimiento.<\/p>\n\n\n\n<p>En cuanto a la ciudadan\u00eda, las recomendaciones que hizo la empresa fueron: colocar anillos con bolsa en los troncos de los \u00e1rboles para recoger las orugas al bajar (es decir, trampas caseras o compradas en tiendas especializadas), barrer las hileras de procesionaria (en d\u00edas que no haga viento) con recogedor y bolsa incorporada, para evitar la dispersi\u00f3n de pelos urticantes; y la poda manual, a principios de septiembre-octubre- de las ramas con nidos peque\u00f1os. No obstante, el tratamiento m\u00e1s efectivo siempre ser\u00e1 un tratamiento de endoterapia vegetal a trav\u00e9s de una empresa autorizada, ya que este tratamiento tendr\u00eda una eficacia de un 100%.<\/p>\n","protected":false},"excerpt":{"rendered":"<p>Ahir dimecres, el CMC va acollir una xerrada sobre la procession\u00e0ria, amb l\u2019objectiu d\u2019informar la ciutadania sobre els tractaments que s\u2019iniciaran la setmana vinent (sempre que la situaci\u00f3 meteorol\u00f2gica ho &hellip; <a href=\"https:\/\/bisbalpenedes.com\/web\/2024\/05\/16\/ahir-dimecres-el-cmc-va-acollir-una-xerrada-informativa-sobre-la-processionaria\/\" class=\"more-link\">Read More<\/a><\/p>\n","protected":false},"author":4,"featured_media":30274,"comment_status":"closed","ping_status":"closed","sticky":false,"template":"","format":"standard","meta":[],"categories":[8,14],"tags":[600,393,6628,3992,1374,6636,1321,3233,45],"_links":{"self":[{"href":"https:\/\/bisbalpenedes.com\/web\/wp-json\/wp\/v2\/posts\/30273"}],"collection":[{"href":"https:\/\/bisbalpenedes.com\/web\/wp-json\/wp\/v2\/posts"}],"about":[{"href":"https:\/\/bisbalpenedes.com\/web\/wp-json\/wp\/v2\/types\/post"}],"author":[{"embeddable":true,"href":"https:\/\/bisbalpenedes.com\/web\/wp-json\/wp\/v2\/users\/4"}],"replies":[{"embeddable":true,"href":"https:\/\/bisbalpenedes.com\/web\/wp-json\/wp\/v2\/comments?post=30273"}],"version-history":[{"count":1,"href":"https:\/\/bisbalpenedes.com\/web\/wp-json\/wp\/v2\/posts\/30273\/revisions"}],"predecessor-version":[{"id":30275,"href":"https:\/\/bisbalpenedes.com\/web\/wp-json\/wp\/v2\/posts\/30273\/revisions\/30275"}],"wp:featuredmedia":[{"embeddable":true,"href":"https:\/\/bisbalpenedes.com\/web\/wp-json\/wp\/v2\/media\/30274"}],"wp:attachment":[{"href":"https:\/\/bisbalpenedes.com\/web\/wp-json\/wp\/v2\/media?parent=30273"}],"wp:term":[{"taxonomy":"category","embeddable":true,"href":"https:\/\/bisbalpenedes.com\/web\/wp-json\/wp\/v2\/categories?post=30273"},{"taxonomy":"post_tag","embeddable":true,"href":"https:\/\/bisbalpenedes.com\/web\/wp-json\/wp\/v2\/tags?post=30273"}],"curies":[{"name":"wp","href":"https:\/\/api.w.org\/{rel}","templated":true}]}}