{"id":30267,"date":"2024-05-16T11:52:03","date_gmt":"2024-05-16T09:52:03","guid":{"rendered":"https:\/\/bisbalpenedes.com\/web\/?p=30267"},"modified":"2024-05-16T11:54:17","modified_gmt":"2024-05-16T09:54:17","slug":"30267","status":"publish","type":"post","link":"https:\/\/bisbalpenedes.com\/web\/2024\/05\/16\/30267\/","title":{"rendered":"S&#8217;ha aprovat la tercera ampliaci\u00f3 de termini de les obres de la Fassina fins a finals de juliol de 2024"},"content":{"rendered":"\n<p>La Junta de Govern del 13 de maig ha aprovat la tercera ampliaci\u00f3 de termini de les obres de consolidaci\u00f3 i reforma de la fassina, la construcci\u00f3 del local i l&#8217;aparcament de l&#8217;ADF Clot de Bou i el local per a la colla castellera de la Bisbal del Pened\u00e8s. Aquesta pr\u00f2rroga s&#8217;allargar\u00e0 fins al 25 de juliol de 2025 i respon a la petici\u00f3 de l&#8217;empresa adjudicat\u00e0ria de les obres, que ha explicat que la sol\u00b7licitud ve motivada per la modificaci\u00f3 del pati i el refor\u00e7 de la torre de la fassina.<\/p>\n\n\n\n<p>Aquest punt de l&#8217;ordre del dia era amb compet\u00e8ncies del Ple delegades a la Junta de Govern. Amb l&#8217;objectiu de garantir la publicitat d&#8217;aquest punt, l&#8217;explicaci\u00f3 i l&#8217;aprovaci\u00f3 d&#8217;aquest s&#8217;ha gravat i podeu veure el v\u00eddeo en aquest enlla\u00e7: <a href=\"https:\/\/actes.bisbalpenedes.com\/session\/sessionDetail\/8a8080848acca6ef018f71cb17f700a4\">https:\/\/actes.bisbalpenedes.com\/session\/sessionDetail\/8a8080848acca6ef018f71cb17f700a4<\/a><\/p>\n\n\n\n<hr class=\"wp-block-separator has-alpha-channel-opacity\"\/>\n\n\n\n<p><strong>CASTELLANO |<\/strong> La Junta de Gobierno del 13 de mayo ha aprobado la tercera ampliaci\u00f3n de plazo de las obras de consolidaci\u00f3n y reforma de la fassina, la construcci\u00f3n del local y el aparcamiento de la ADF Clot de Bou y el local para la colla castellera de la Bisbal del Pened\u00e8s. Esta pr\u00f3rroga se alargar\u00e1 hasta el 25 de julio del 2025 y responde a la petici\u00f3n de la empresa adjudicataria de las obras, que ha explicado que la solicitud viene motivada por la modificaci\u00f3n del patio y el refuerzo de la torre de la fassina.<\/p>\n\n\n\n<p>Este punto del orden del d\u00eda era con competencias del Pleno delegadas a la Junta de Gobierno. Con el objetivo de garantizar la publicidad de este punto, la explicaci\u00f3n y la aprobaci\u00f3n del mismo se han grabado y pod\u00e9is ver el v\u00eddeo en este enlace: <a href=\"https:\/\/actes.bisbalpenedes.com\/session\/sessionDetail\/8a8080848acca6ef018f71cb17f700a4\">https:\/\/actes.bisbalpenedes.com\/session\/sessionDetail\/8a8080848acca6ef018f71cb17f700a4<\/a><\/p>\n","protected":false},"excerpt":{"rendered":"<p>La Junta de Govern del 13 de maig ha aprovat la tercera ampliaci\u00f3 de termini de les obres de consolidaci\u00f3 i reforma de la fassina, la construcci\u00f3 del local i &hellip; <a href=\"https:\/\/bisbalpenedes.com\/web\/2024\/05\/16\/30267\/\" class=\"more-link\">Read More<\/a><\/p>\n","protected":false},"author":4,"featured_media":30268,"comment_status":"closed","ping_status":"closed","sticky":false,"template":"","format":"standard","meta":[],"categories":[13,8,15],"tags":[1775,459,6635,393,3504,1374],"_links":{"self":[{"href":"https:\/\/bisbalpenedes.com\/web\/wp-json\/wp\/v2\/posts\/30267"}],"collection":[{"href":"https:\/\/bisbalpenedes.com\/web\/wp-json\/wp\/v2\/posts"}],"about":[{"href":"https:\/\/bisbalpenedes.com\/web\/wp-json\/wp\/v2\/types\/post"}],"author":[{"embeddable":true,"href":"https:\/\/bisbalpenedes.com\/web\/wp-json\/wp\/v2\/users\/4"}],"replies":[{"embeddable":true,"href":"https:\/\/bisbalpenedes.com\/web\/wp-json\/wp\/v2\/comments?post=30267"}],"version-history":[{"count":4,"href":"https:\/\/bisbalpenedes.com\/web\/wp-json\/wp\/v2\/posts\/30267\/revisions"}],"predecessor-version":[{"id":30272,"href":"https:\/\/bisbalpenedes.com\/web\/wp-json\/wp\/v2\/posts\/30267\/revisions\/30272"}],"wp:featuredmedia":[{"embeddable":true,"href":"https:\/\/bisbalpenedes.com\/web\/wp-json\/wp\/v2\/media\/30268"}],"wp:attachment":[{"href":"https:\/\/bisbalpenedes.com\/web\/wp-json\/wp\/v2\/media?parent=30267"}],"wp:term":[{"taxonomy":"category","embeddable":true,"href":"https:\/\/bisbalpenedes.com\/web\/wp-json\/wp\/v2\/categories?post=30267"},{"taxonomy":"post_tag","embeddable":true,"href":"https:\/\/bisbalpenedes.com\/web\/wp-json\/wp\/v2\/tags?post=30267"}],"curies":[{"name":"wp","href":"https:\/\/api.w.org\/{rel}","templated":true}]}}