{"id":30212,"date":"2024-05-10T21:12:01","date_gmt":"2024-05-10T19:12:01","guid":{"rendered":"https:\/\/bisbalpenedes.com\/web\/?p=30212"},"modified":"2024-05-10T21:12:01","modified_gmt":"2024-05-10T19:12:01","slug":"aquest-diumenge-12-de-maig-es-el-dia-mundial-de-la-fibromialgia-i-la-sindrome-de-fatiga-cronica-i-al-vespre-la-facana-de-la-casa-de-la-vila-silluminara-de-color-blau","status":"publish","type":"post","link":"https:\/\/bisbalpenedes.com\/web\/2024\/05\/10\/aquest-diumenge-12-de-maig-es-el-dia-mundial-de-la-fibromialgia-i-la-sindrome-de-fatiga-cronica-i-al-vespre-la-facana-de-la-casa-de-la-vila-silluminara-de-color-blau\/","title":{"rendered":"Aquest diumenge 12 de maig \u00e9s el Dia mundial de la fibromi\u00e0lgia i la s\u00edndrome de Fatiga Cr\u00f2nica i, al vespre, la fa\u00e7ana de la Casa de la Vila s&#8217;il\u00b7luminar\u00e0 de color blau"},"content":{"rendered":"\n<p>Aquest diumenge 12 de maig s&#8217;il\u00b7luminar\u00e0 la fa\u00e7ana de La Casa de la Vila de color blau amb motiu del Dia mundial de la fibromi\u00e0lgia i la s\u00edndrome de Fatiga Cr\u00f2nica. Aquestes, segons ens expliquen des del Canal Salut de la Generalitat de Catalunya &#8220;s\u00f3n malalties cr\u00f2niques que provoquen un alt impacte en la qualitat de vida i afecten diferents sistemes del cos. Es caracteritzen per una sensibilitat accentuada davant certs factors, com ara medicaments, estr\u00e8s, infeccions i productes qu\u00edmics.<\/p>\n\n\n\n<p>Per a m\u00e9s informaci\u00f3 sobre la jornada, accediu a l&#8217;enlla\u00e7:&nbsp;<a href=\"https:\/\/www.fibromialgia.cat\/cat\/DiaMundial.htm\" target=\"_blank\" rel=\"noreferrer noopener\">https:\/\/www.fibromialgia.cat\/cat\/DiaMundial.htm<\/a><\/p>\n\n\n\n<hr class=\"wp-block-separator has-alpha-channel-opacity\"\/>\n\n\n\n<p><strong>CASTELLANO |&nbsp;<\/strong>Este domingo 12 de mayo se iluminar\u00e1 la fachada de La Casa de la Vila de color azul con motivo del D\u00eda mundial de la fibromialgia y el s\u00edndrome de la Fatiga Cr\u00f3nica. Estas, seg\u00fan se nos explica desde el Canal Salut de la Generalitat de Catalunya &#8220;son enfermedades cr\u00f3nicas que provocan un alto impacto en la calidad de vida y afectan a distintos sistemas del cuerpo. Se caracterizan por una sensibilidad acentuada ante ciertos factores, como por ejemplo medicamentos, estr\u00e9s, infecciones y productos qu\u00edmicos.<\/p>\n\n\n\n<p>Para m\u00e1s informaci\u00f3n sobre la jornada, acceded al enlace:&nbsp;<a href=\"https:\/\/www.fibromialgia.cat\/cat\/DiaMundial.htm\" target=\"_blank\" rel=\"noreferrer noopener\">https:\/\/www.fibromialgia.cat\/cat\/DiaMundial.htm<\/a><\/p>\n","protected":false},"excerpt":{"rendered":"<p>Aquest diumenge 12 de maig s&#8217;il\u00b7luminar\u00e0 la fa\u00e7ana de La Casa de la Vila de color blau amb motiu del Dia mundial de la fibromi\u00e0lgia i la s\u00edndrome de Fatiga &hellip; <a href=\"https:\/\/bisbalpenedes.com\/web\/2024\/05\/10\/aquest-diumenge-12-de-maig-es-el-dia-mundial-de-la-fibromialgia-i-la-sindrome-de-fatiga-cronica-i-al-vespre-la-facana-de-la-casa-de-la-vila-silluminara-de-color-blau\/\" class=\"more-link\">Read More<\/a><\/p>\n","protected":false},"author":4,"featured_media":30213,"comment_status":"closed","ping_status":"closed","sticky":false,"template":"","format":"standard","meta":[],"categories":[2402,8,14],"tags":[459,1374],"_links":{"self":[{"href":"https:\/\/bisbalpenedes.com\/web\/wp-json\/wp\/v2\/posts\/30212"}],"collection":[{"href":"https:\/\/bisbalpenedes.com\/web\/wp-json\/wp\/v2\/posts"}],"about":[{"href":"https:\/\/bisbalpenedes.com\/web\/wp-json\/wp\/v2\/types\/post"}],"author":[{"embeddable":true,"href":"https:\/\/bisbalpenedes.com\/web\/wp-json\/wp\/v2\/users\/4"}],"replies":[{"embeddable":true,"href":"https:\/\/bisbalpenedes.com\/web\/wp-json\/wp\/v2\/comments?post=30212"}],"version-history":[{"count":1,"href":"https:\/\/bisbalpenedes.com\/web\/wp-json\/wp\/v2\/posts\/30212\/revisions"}],"predecessor-version":[{"id":30214,"href":"https:\/\/bisbalpenedes.com\/web\/wp-json\/wp\/v2\/posts\/30212\/revisions\/30214"}],"wp:featuredmedia":[{"embeddable":true,"href":"https:\/\/bisbalpenedes.com\/web\/wp-json\/wp\/v2\/media\/30213"}],"wp:attachment":[{"href":"https:\/\/bisbalpenedes.com\/web\/wp-json\/wp\/v2\/media?parent=30212"}],"wp:term":[{"taxonomy":"category","embeddable":true,"href":"https:\/\/bisbalpenedes.com\/web\/wp-json\/wp\/v2\/categories?post=30212"},{"taxonomy":"post_tag","embeddable":true,"href":"https:\/\/bisbalpenedes.com\/web\/wp-json\/wp\/v2\/tags?post=30212"}],"curies":[{"name":"wp","href":"https:\/\/api.w.org\/{rel}","templated":true}]}}