{"id":30196,"date":"2024-05-10T09:02:31","date_gmt":"2024-05-10T07:02:31","guid":{"rendered":"https:\/\/bisbalpenedes.com\/web\/?p=30196"},"modified":"2024-05-10T09:02:31","modified_gmt":"2024-05-10T07:02:31","slug":"recordeu-les-pindoles-bisbalenques-us-animem-a-recuperar-les-per-coneixer-la-historia-i-les-histories-de-la-bisbal","status":"publish","type":"post","link":"https:\/\/bisbalpenedes.com\/web\/2024\/05\/10\/recordeu-les-pindoles-bisbalenques-us-animem-a-recuperar-les-per-coneixer-la-historia-i-les-histories-de-la-bisbal\/","title":{"rendered":"Recordeu les P\u00edndoles Bisbalenques? Us animem a recuperar-les per con\u00e8ixer la hist\u00f2ria -i les hist\u00f2ries- de la Bisbal"},"content":{"rendered":"\n<p>Recordeu les P\u00edndoles Bisbalenques? S\u00f3n cap\u00edtols de la hist\u00f2ria de la Bisbal del Pened\u00e8s que vam compartir a les xarxes socials, a eBando i al web municipal durant els mesos de confinament domiciliari per la pand\u00e8mia de COVID-19.<\/p>\n\n\n\n<p>L\u2019historiador, arxiver municipal i t\u00e8cnic de Cultura de l&#8217;Ajuntament de la Bisbal del Pened\u00e8s, Jordi Ferran i Ventosa, va ser l\u2019encarregat de confeccionar aquestes petites \u2018p\u00edndoles\u2019 que ens van distreure i, alhora, ens van alimentar el coneixement sobre el nostre municipi i la curiositat durant aquelles setmanes.<\/p>\n\n\n\n<p>Si teniu ganes de recuperar les p\u00edndoles, podeu tornar-les a llegir en aquest enlla\u00e7: <a href=\"https:\/\/bisbalpenedes.com\/web\/tag\/pindoles-bisbalenques\/\"><strong>https:\/\/bisbalpenedes.com\/web\/tag\/pindoles-bisbalenques\/<\/strong><\/a><\/p>\n\n\n\n<p>Alguns dels temes que hi trobareu s\u00f3n: el cinema a la Bisbal, el futbol, per qu\u00e8 la Bisbal \u00e9s una vila, qu\u00e8 representa l&#8217;escut del municipi, quan vam tenir la primera biblioteca, quan es va construir l&#8217;esgl\u00e9sia i la hist\u00f2ria el castell de la Bisbal (l&#8217;actual CMC), entre altres.<\/p>\n\n\n\n<hr class=\"wp-block-separator has-alpha-channel-opacity\"\/>\n\n\n\n<p><strong>CASTELLANO |<\/strong>&nbsp;\u00bfRecord\u00e1is las \u2018P\u00edndoles Bisbalenques\u2019? Son cap\u00edtulos de la historia de la Bisbal del Pened\u00e8s que compartimos en las redes sociales, en eBando y en la web municipal durante los meses de confinamiento domiciliario por la pandemia de COVID-19.<\/p>\n\n\n\n<p>El historiador, archivero municipal y t\u00e9cnico de Cultura del Ajuntament de la Bisbal del Pened\u00e8s, Jordi Ferran Ventosa, fue el encargado de confeccionar estas peque\u00f1as \u2018p\u00edldoras\u2019 que nos distrajeron y, a la vez, nos alimentaron el conocimiento sobre nuestro municipio y la curiosidad durante aquellas semanas.<\/p>\n\n\n\n<p>Si ten\u00e9is ganas de recuperar las \u2018p\u00edldoras\u2019, pod\u00e9is volverlas a leer en este enlace: <a href=\"https:\/\/bisbalpenedes.com\/web\/tag\/pindoles-bisbalenques\/\"><strong>https:\/\/bisbalpenedes.com\/web\/tag\/pindoles-bisbalenques\/<\/strong><\/a><\/p>\n\n\n\n<p>Algunos de los temas que encontrar\u00e9is son: el cine en la Bisbal, el futbol, por qu\u00e9 la Bisbal es una villa, qu\u00e9 representa el escudo del municipio, cu\u00e1ndo tuvimos la primera biblioteca, cu\u00e1ndo se construy\u00f3 la iglesia y la historia del castillo de la Bisbal (el actual CMC), entre otros.<\/p>\n","protected":false},"excerpt":{"rendered":"<p>Recordeu les P\u00edndoles Bisbalenques? S\u00f3n cap\u00edtols de la hist\u00f2ria de la Bisbal del Pened\u00e8s que vam compartir a les xarxes socials, a eBando i al web municipal durant els mesos &hellip; <a href=\"https:\/\/bisbalpenedes.com\/web\/2024\/05\/10\/recordeu-les-pindoles-bisbalenques-us-animem-a-recuperar-les-per-coneixer-la-historia-i-les-histories-de-la-bisbal\/\" class=\"more-link\">Read More<\/a><\/p>\n","protected":false},"author":4,"featured_media":18957,"comment_status":"closed","ping_status":"closed","sticky":false,"template":"","format":"standard","meta":[],"categories":[13,8],"tags":[459,852,393,1374,3585],"_links":{"self":[{"href":"https:\/\/bisbalpenedes.com\/web\/wp-json\/wp\/v2\/posts\/30196"}],"collection":[{"href":"https:\/\/bisbalpenedes.com\/web\/wp-json\/wp\/v2\/posts"}],"about":[{"href":"https:\/\/bisbalpenedes.com\/web\/wp-json\/wp\/v2\/types\/post"}],"author":[{"embeddable":true,"href":"https:\/\/bisbalpenedes.com\/web\/wp-json\/wp\/v2\/users\/4"}],"replies":[{"embeddable":true,"href":"https:\/\/bisbalpenedes.com\/web\/wp-json\/wp\/v2\/comments?post=30196"}],"version-history":[{"count":1,"href":"https:\/\/bisbalpenedes.com\/web\/wp-json\/wp\/v2\/posts\/30196\/revisions"}],"predecessor-version":[{"id":30197,"href":"https:\/\/bisbalpenedes.com\/web\/wp-json\/wp\/v2\/posts\/30196\/revisions\/30197"}],"wp:featuredmedia":[{"embeddable":true,"href":"https:\/\/bisbalpenedes.com\/web\/wp-json\/wp\/v2\/media\/18957"}],"wp:attachment":[{"href":"https:\/\/bisbalpenedes.com\/web\/wp-json\/wp\/v2\/media?parent=30196"}],"wp:term":[{"taxonomy":"category","embeddable":true,"href":"https:\/\/bisbalpenedes.com\/web\/wp-json\/wp\/v2\/categories?post=30196"},{"taxonomy":"post_tag","embeddable":true,"href":"https:\/\/bisbalpenedes.com\/web\/wp-json\/wp\/v2\/tags?post=30196"}],"curies":[{"name":"wp","href":"https:\/\/api.w.org\/{rel}","templated":true}]}}