{"id":3019,"date":"2017-08-21T23:30:48","date_gmt":"2017-08-21T17:30:48","guid":{"rendered":"http:\/\/bisbalpenedes.com\/web\/?p=3019"},"modified":"2017-08-21T23:47:38","modified_gmt":"2017-08-21T17:47:38","slug":"la-regidoria-de-la-gent-gran-tira-endavant-un-any-mes-un-ampli-programa-dactivitats-amb-la-finalitat-denfortir-la-salut-fisica-i-emocional-dels-majors-de-65-anys","status":"publish","type":"post","link":"https:\/\/bisbalpenedes.com\/web\/2017\/08\/21\/la-regidoria-de-la-gent-gran-tira-endavant-un-any-mes-un-ampli-programa-dactivitats-amb-la-finalitat-denfortir-la-salut-fisica-i-emocional-dels-majors-de-65-anys\/","title":{"rendered":"La Regidoria de la Gent Gran tira endavant un ampli programa d\u2019activitats amb la finalitat d\u2019enfortir la salut f\u00edsica i emocional dels majors de 65 anys"},"content":{"rendered":"<p><span style=\"color: #000000;\">La Regidoria de la Gent Gran tira endavant, un any m\u00e9s, diverses activitats que tenen la finalitat d\u2019enfortir la salut f\u00edsica i emocional dels majors de 65 anys.<\/span><\/p>\n<p><span style=\"color: #000000;\">Durant tot el mes de setembre s\u2019oferiran les seg\u00fcents activitats de forma gratu\u00efta:<\/span><\/p>\n<p style=\"padding-left: 30px;\"><span style=\"color: #000000;\">-Dilluns: \u00a0de 10.45h a 11.45h gimn\u00e0stica al parc de Salut<\/span><\/p>\n<p style=\"padding-left: 30px;\"><span style=\"color: #000000;\">-Dimarts: de 17.15h a 19.15h sessi\u00f3 de benestar emocional.<\/span><\/p>\n<p><span style=\"color: #000000;\">Des de la Regidoria s\u2019ha considerat oport\u00fa oferir les activitats de forma gratu\u00efta durant un mes perqu\u00e8 aix\u00ed les persones interessades puguin comprovar si els agraden les activitats. Aix\u00ed, durant tot el mes de setembre estaran obertes les inscripcions, que funcionaran per trimestres. El primer ser\u00e0 d\u2019Octubre a Desembre.<\/span><\/p>\n<p><span style=\"color: #000000;\">El preu de les inscripcions\u00a0 \u00e9s de 15 euros per cadascuna de les activitats, \u00e9s a dir que, si alg\u00fa vol fer les dues activitats, les del dilluns i les del dimarts, haur\u00e0 de pagar 30 euros.<\/span><\/p>\n<p><span style=\"color: #000000;\">Val a dir que, a partir de l\u2019octubre, els horaris quedaran de la seg\u00fcent manera:<\/span><\/p>\n<p style=\"padding-left: 30px;\"><span style=\"color: #000000;\">-Dilluns: de 10.45h a 12.15h gimn\u00e0stica<\/span><\/p>\n<p style=\"padding-left: 30px;\"><span style=\"color: #000000;\">-Dimarts: de 17.15h a 19.15h sessi\u00f3 de benestar emocional<\/span><\/p>\n<p><span style=\"color: #000000;\">Els horaris i els grups es renovaran cada trimestre en funci\u00f3 dels inscrits. El m\u00ednim d\u2019inscrits per a fer l\u2019activitat ser\u00e0 de 8. Al final del primer trimestre s\u2019oferir\u00e0 una sessi\u00f3 gratu\u00efta de risoter\u00e0pia a tots els inscrits. L\u2019activitat f\u00edsica es far\u00e0, sempre que les condicions meteorol\u00f2giques ho permetin, a l\u2019aire lliure.<\/span><\/p>\n<p>&nbsp;<\/p>\n","protected":false},"excerpt":{"rendered":"<p>La Regidoria de la Gent Gran tira endavant, un any m\u00e9s, diverses activitats que tenen la finalitat d\u2019enfortir la salut f\u00edsica i emocional dels majors de 65 anys. Durant tot &hellip; <a href=\"https:\/\/bisbalpenedes.com\/web\/2017\/08\/21\/la-regidoria-de-la-gent-gran-tira-endavant-un-any-mes-un-ampli-programa-dactivitats-amb-la-finalitat-denfortir-la-salut-fisica-i-emocional-dels-majors-de-65-anys\/\" class=\"more-link\">Read More<\/a><\/p>\n","protected":false},"author":4,"featured_media":3025,"comment_status":"closed","ping_status":"closed","sticky":false,"template":"","format":"standard","meta":[],"categories":[464],"tags":[738,306,230,304,735,734,305,83,736,737],"_links":{"self":[{"href":"https:\/\/bisbalpenedes.com\/web\/wp-json\/wp\/v2\/posts\/3019"}],"collection":[{"href":"https:\/\/bisbalpenedes.com\/web\/wp-json\/wp\/v2\/posts"}],"about":[{"href":"https:\/\/bisbalpenedes.com\/web\/wp-json\/wp\/v2\/types\/post"}],"author":[{"embeddable":true,"href":"https:\/\/bisbalpenedes.com\/web\/wp-json\/wp\/v2\/users\/4"}],"replies":[{"embeddable":true,"href":"https:\/\/bisbalpenedes.com\/web\/wp-json\/wp\/v2\/comments?post=3019"}],"version-history":[{"count":7,"href":"https:\/\/bisbalpenedes.com\/web\/wp-json\/wp\/v2\/posts\/3019\/revisions"}],"predecessor-version":[{"id":3023,"href":"https:\/\/bisbalpenedes.com\/web\/wp-json\/wp\/v2\/posts\/3019\/revisions\/3023"}],"wp:featuredmedia":[{"embeddable":true,"href":"https:\/\/bisbalpenedes.com\/web\/wp-json\/wp\/v2\/media\/3025"}],"wp:attachment":[{"href":"https:\/\/bisbalpenedes.com\/web\/wp-json\/wp\/v2\/media?parent=3019"}],"wp:term":[{"taxonomy":"category","embeddable":true,"href":"https:\/\/bisbalpenedes.com\/web\/wp-json\/wp\/v2\/categories?post=3019"},{"taxonomy":"post_tag","embeddable":true,"href":"https:\/\/bisbalpenedes.com\/web\/wp-json\/wp\/v2\/tags?post=3019"}],"curies":[{"name":"wp","href":"https:\/\/api.w.org\/{rel}","templated":true}]}}