{"id":30183,"date":"2024-05-07T12:51:14","date_gmt":"2024-05-07T10:51:14","guid":{"rendered":"https:\/\/bisbalpenedes.com\/web\/?p=30183"},"modified":"2024-05-07T12:56:16","modified_gmt":"2024-05-07T10:56:16","slug":"preinscripicions-per-a-lescola-municipal-de-musica-per-a-totes-les-edats","status":"publish","type":"post","link":"https:\/\/bisbalpenedes.com\/web\/2024\/05\/07\/preinscripicions-per-a-lescola-municipal-de-musica-per-a-totes-les-edats\/","title":{"rendered":"Preinscripicions per a l&#8217;escola municipal de m\u00fasica (per a totes les edats)"},"content":{"rendered":"\n<p>Us agradaria aprendre m\u00fasica? Voleu que els menuts de la casa aprenguin m\u00fasica? Els petits de casa volen tocar un instrument o aprendre a cantar? Fins al 12 de maig podeu fer la vostra preinscripci\u00f3 per a l&#8217;escola municipal de m\u00fasica adre\u00e7ant-vos a l&#8217;Escola Contrapunt.<\/p>\n\n\n\n<hr class=\"wp-block-separator has-alpha-channel-opacity\"\/>\n\n\n\n<p>\u00bfOs gustar\u00eda aprender m\u00fasica? \u00bfQuer\u00e9is que los peque\u00f1os de casa aprendan m\u00fasica? Los peque\u00f1os de casa quieren tocar un instrumento o aprender a cantar? Hasta el 12 de mayo pod\u00e9is hacer vuestra preinscripci\u00f3n para la escuela municipal de m\u00fasica dirigi\u00e9ndoos a la Escola Contrapunt.<\/p>\n\n\n\n<figure class=\"wp-block-image size-large\"><img loading=\"lazy\" width=\"726\" height=\"1024\" src=\"https:\/\/bisbalpenedes.com\/web\/wp-content\/uploads\/2024\/05\/A3-Mu\u0301sica-viva_page-0001-726x1024.jpg\" alt=\"\" class=\"wp-image-30185\" srcset=\"https:\/\/bisbalpenedes.com\/web\/wp-content\/uploads\/2024\/05\/A3-Mu\u0301sica-viva_page-0001-726x1024.jpg 726w, https:\/\/bisbalpenedes.com\/web\/wp-content\/uploads\/2024\/05\/A3-Mu\u0301sica-viva_page-0001-213x300.jpg 213w, https:\/\/bisbalpenedes.com\/web\/wp-content\/uploads\/2024\/05\/A3-Mu\u0301sica-viva_page-0001-768x1084.jpg 768w, https:\/\/bisbalpenedes.com\/web\/wp-content\/uploads\/2024\/05\/A3-Mu\u0301sica-viva_page-0001-1089x1536.jpg 1089w, https:\/\/bisbalpenedes.com\/web\/wp-content\/uploads\/2024\/05\/A3-Mu\u0301sica-viva_page-0001-1451x2048.jpg 1451w, https:\/\/bisbalpenedes.com\/web\/wp-content\/uploads\/2024\/05\/A3-Mu\u0301sica-viva_page-0001-600x847.jpg 600w, https:\/\/bisbalpenedes.com\/web\/wp-content\/uploads\/2024\/05\/A3-Mu\u0301sica-viva_page-0001.jpg 1766w\" sizes=\"(max-width: 726px) 100vw, 726px\" \/><\/figure>\n","protected":false},"excerpt":{"rendered":"<p>Us agradaria aprendre m\u00fasica? Voleu que els menuts de la casa aprenguin m\u00fasica? Els petits de casa volen tocar un instrument o aprendre a cantar? Fins al 12 de maig &hellip; <a href=\"https:\/\/bisbalpenedes.com\/web\/2024\/05\/07\/preinscripicions-per-a-lescola-municipal-de-musica-per-a-totes-les-edats\/\" class=\"more-link\">Read More<\/a><\/p>\n","protected":false},"author":4,"featured_media":30186,"comment_status":"closed","ping_status":"closed","sticky":false,"template":"","format":"standard","meta":[],"categories":[398,8],"tags":[459,3790,781,1014,512,393,72,6619,1374,6016],"_links":{"self":[{"href":"https:\/\/bisbalpenedes.com\/web\/wp-json\/wp\/v2\/posts\/30183"}],"collection":[{"href":"https:\/\/bisbalpenedes.com\/web\/wp-json\/wp\/v2\/posts"}],"about":[{"href":"https:\/\/bisbalpenedes.com\/web\/wp-json\/wp\/v2\/types\/post"}],"author":[{"embeddable":true,"href":"https:\/\/bisbalpenedes.com\/web\/wp-json\/wp\/v2\/users\/4"}],"replies":[{"embeddable":true,"href":"https:\/\/bisbalpenedes.com\/web\/wp-json\/wp\/v2\/comments?post=30183"}],"version-history":[{"count":1,"href":"https:\/\/bisbalpenedes.com\/web\/wp-json\/wp\/v2\/posts\/30183\/revisions"}],"predecessor-version":[{"id":30187,"href":"https:\/\/bisbalpenedes.com\/web\/wp-json\/wp\/v2\/posts\/30183\/revisions\/30187"}],"wp:featuredmedia":[{"embeddable":true,"href":"https:\/\/bisbalpenedes.com\/web\/wp-json\/wp\/v2\/media\/30186"}],"wp:attachment":[{"href":"https:\/\/bisbalpenedes.com\/web\/wp-json\/wp\/v2\/media?parent=30183"}],"wp:term":[{"taxonomy":"category","embeddable":true,"href":"https:\/\/bisbalpenedes.com\/web\/wp-json\/wp\/v2\/categories?post=30183"},{"taxonomy":"post_tag","embeddable":true,"href":"https:\/\/bisbalpenedes.com\/web\/wp-json\/wp\/v2\/tags?post=30183"}],"curies":[{"name":"wp","href":"https:\/\/api.w.org\/{rel}","templated":true}]}}