{"id":30160,"date":"2024-05-07T08:55:00","date_gmt":"2024-05-07T06:55:00","guid":{"rendered":"https:\/\/bisbalpenedes.com\/web\/?p=30160"},"modified":"2024-05-07T11:40:55","modified_gmt":"2024-05-07T09:40:55","slug":"lajuntament-de-la-bisbal-del-penedes-ofereix-ma-estesa-als-promotors-de-la-consulta-sectorial-sobre-les-planes-del-vent","status":"publish","type":"post","link":"https:\/\/bisbalpenedes.com\/web\/2024\/05\/07\/lajuntament-de-la-bisbal-del-penedes-ofereix-ma-estesa-als-promotors-de-la-consulta-sectorial-sobre-les-planes-del-vent\/","title":{"rendered":"<strong>L\u2019Ajuntament de&nbsp; la Bisbal del Pened\u00e8s ofereix m\u00e0 estesa als promotors de la consulta sectorial sobre les Planes del Vent<\/strong>"},"content":{"rendered":"\n<p><strong>El govern municipal va reiterar la seva voluntat de sumar esfor\u00e7os perqu\u00e8 el parc empresarial sigui una realitat<\/strong><\/p>\n\n\n\n<p>Ahir dilluns 6 de maig, es va celebrar una reuni\u00f3 entre l\u2019equip de govern\u00a0 i membres de la comissi\u00f3 promotora de la consulta sectorial sobre el Parc Empresarial de Les Planes del Vent.\u00a0 La reuni\u00f3 va ser convocada per l\u2019alcaldessa Agn\u00e8s Ferr\u00e9 per explicar-los en detall els motius jur\u00eddics pels quals, despr\u00e9s d\u2019un estudi detallat, la consulta sol\u00b7licitada s\u2019ha considerat que no s\u2019ajusta<strong> <\/strong>a la normativa vigent sobre consultes populars no referend\u00e0ries.<\/p>\n\n\n\n<p>A m\u00e9s, va servir tamb\u00e9 per reiterar -als promotors de la consulta- la voluntat del govern municipal de col\u00b7laborar i sumar esfor\u00e7os per fer el projecte del parc empresarial de Les Planes del Vent, un projecte de i per a tot el municipi.<\/p>\n\n\n\n<p>L\u2019alcaldessa Agn\u00e8s Ferr\u00e9 els va oferir m\u00e0 estesa per col\u00b7laborar en el proc\u00e9s participatiu que es far\u00e0, per decidir quins equipaments municipals s\u2019instal\u00b7laran al parc, i els va animar a presentar propostes.<\/p>\n\n\n\n<p>En aquest sentit, va assegurar que les propostes que presentessin serien analitzades exhaustivament per intentar arribar als majors consensos possibles.<\/p>\n\n\n\n<p>En acabar, l\u2019alcaldessa va declarar que <em>\u201csi la Generalitat no hi veu cap impediment i comencem la tramitaci\u00f3 del nou parc empresarial, volem que sigui sostenible, integrat i mod\u00e8lic, i us oferim m\u00e0 estesa perqu\u00e8 sigui un projecte de tothom i per a tothom\u201d.<\/em><\/p>\n\n\n\n<hr class=\"wp-block-separator has-alpha-channel-opacity\"\/>\n\n\n\n<p><strong>El gobierno municipal reiter\u00f3 su voluntad de sumar esfuerzos para que el parque empresarial sea una realidad<\/strong><\/p>\n\n\n\n<p>Ayer lunes 6 de mayo, se celebr\u00f3 una reuni\u00f3n entre el equipo de gobierno y miembros de la comisi\u00f3n promotora de la consulta sectorial sobre el Parc Empresarial de Les Planes del Vent. \u00a0La reuni\u00f3n fue convocada por la alcaldesa Agn\u00e8s Ferr\u00e9 para explicarles en detalle los motivos jur\u00eddicos por los cuales, despu\u00e9s de un estudio detallado, la consulta solicitada se ha considerado que no se ajusta a la normativa vigente sobre consultas populares no referendarias.<\/p>\n\n\n\n<p>Adem\u00e1s, sirvi\u00f3 tambi\u00e9n para reiterarles -a los promotores de la consulta- la voluntad del gobierno municipal de colaborar y sumar esfuerzos para hacer el proyecto del parque empresarial de Les Planes del Vent, un proyecto de y para todo el municipio. La alcaldesa Agn\u00e8s Ferr\u00e9 les tendi\u00f3 la mano para colaborar en el proceso participativo que se har\u00e1, para decidir qu\u00e9 equipamientos municipales se instalar\u00e1n en el parque, y les anim\u00f3 a presentar propuestas.<\/p>\n\n\n\n<p>En este sentido, asegur\u00f3 que las propuestas que presentasen ser\u00edan analizadas exhaustivamente para intentar llegar a los m\u00e1ximos consensos posibles. Al finalizar, la alcaldesa declar\u00f3 que <em>\u201csi la Generalitat no ve ning\u00fan impedimento y empezamos la tramitaci\u00f3n del nuevo parque empresarial, queremos que sea sostenible, integrado y mod\u00e9lico, y os tendemos la mano para que sea un proyecto de todo el mundo y para todo el mundo\u201d.<\/em><\/p>\n","protected":false},"excerpt":{"rendered":"<p>El govern municipal va reiterar la seva voluntat de sumar esfor\u00e7os perqu\u00e8 el parc empresarial sigui una realitat Ahir dilluns 6 de maig, es va celebrar una reuni\u00f3 entre l\u2019equip &hellip; <a href=\"https:\/\/bisbalpenedes.com\/web\/2024\/05\/07\/lajuntament-de-la-bisbal-del-penedes-ofereix-ma-estesa-als-promotors-de-la-consulta-sectorial-sobre-les-planes-del-vent\/\" class=\"more-link\">Read More<\/a><\/p>\n","protected":false},"author":4,"featured_media":30162,"comment_status":"closed","ping_status":"closed","sticky":false,"template":"","format":"standard","meta":[],"categories":[2377,8],"tags":[459,122,393,6311,6615,6614,1374],"_links":{"self":[{"href":"https:\/\/bisbalpenedes.com\/web\/wp-json\/wp\/v2\/posts\/30160"}],"collection":[{"href":"https:\/\/bisbalpenedes.com\/web\/wp-json\/wp\/v2\/posts"}],"about":[{"href":"https:\/\/bisbalpenedes.com\/web\/wp-json\/wp\/v2\/types\/post"}],"author":[{"embeddable":true,"href":"https:\/\/bisbalpenedes.com\/web\/wp-json\/wp\/v2\/users\/4"}],"replies":[{"embeddable":true,"href":"https:\/\/bisbalpenedes.com\/web\/wp-json\/wp\/v2\/comments?post=30160"}],"version-history":[{"count":5,"href":"https:\/\/bisbalpenedes.com\/web\/wp-json\/wp\/v2\/posts\/30160\/revisions"}],"predecessor-version":[{"id":30166,"href":"https:\/\/bisbalpenedes.com\/web\/wp-json\/wp\/v2\/posts\/30160\/revisions\/30166"}],"wp:featuredmedia":[{"embeddable":true,"href":"https:\/\/bisbalpenedes.com\/web\/wp-json\/wp\/v2\/media\/30162"}],"wp:attachment":[{"href":"https:\/\/bisbalpenedes.com\/web\/wp-json\/wp\/v2\/media?parent=30160"}],"wp:term":[{"taxonomy":"category","embeddable":true,"href":"https:\/\/bisbalpenedes.com\/web\/wp-json\/wp\/v2\/categories?post=30160"},{"taxonomy":"post_tag","embeddable":true,"href":"https:\/\/bisbalpenedes.com\/web\/wp-json\/wp\/v2\/tags?post=30160"}],"curies":[{"name":"wp","href":"https:\/\/api.w.org\/{rel}","templated":true}]}}