{"id":30151,"date":"2024-05-06T15:40:27","date_gmt":"2024-05-06T13:40:27","guid":{"rendered":"https:\/\/bisbalpenedes.com\/web\/?p=30151"},"modified":"2024-05-06T15:40:27","modified_gmt":"2024-05-06T13:40:27","slug":"lajuntament-comptara-amb-assistencia-en-lambit-de-lenginyeria-industrial-i-urbanistic-gracies-a-un-conveni-amb-el-consell-comarcal-del-baix-penedes","status":"publish","type":"post","link":"https:\/\/bisbalpenedes.com\/web\/2024\/05\/06\/lajuntament-comptara-amb-assistencia-en-lambit-de-lenginyeria-industrial-i-urbanistic-gracies-a-un-conveni-amb-el-consell-comarcal-del-baix-penedes\/","title":{"rendered":"<strong>L\u2019Ajuntament comptar\u00e0 amb assist\u00e8ncia en l\u2019\u00e0mbit de l\u2019enginyeria industrial i urban\u00edstic gr\u00e0cies a un conveni amb el Consell Comarcal del Baix Pened\u00e8s<\/strong>"},"content":{"rendered":"\n<p>El Ple extraordinari del 17 d\u2019abril va aprovar, per unanimitat, la ratificaci\u00f3 de l\u2019enc\u00e0rrec de gesti\u00f3 pera&nbsp; l\u2019assist\u00e8ncia t\u00e8cnica en l\u2019\u00e0mbit de l\u2019enginyeria industrial al Consell Comarcal del Baix Pened\u00e8s. L\u2019adhesi\u00f3 al conveni permetr\u00e0 que l\u2019Ajuntament de la Bisbal del Pened\u00e8s pugui comptar amb el suport d\u2019un enginyer\/a un dia per setmana fins al 31 de desembre de 2024 per a la realitzaci\u00f3 del seguiment de la gesti\u00f3 de la depuradora de Les Planes Baixes, la tramitaci\u00f3 de llic\u00e8ncies ambientals i l\u2019actualitzaci\u00f3 del Registre municipal d\u2019activitats. El cost d\u2019aquest servei \u00e9s de 9.366\u20ac per a l\u2019any 2024.<\/p>\n\n\n\n<p>D\u2019altra banda, el Ple tamb\u00e9 va aprovar -per unanimitat- la ratificaci\u00f3 de l\u2019enc\u00e0rrec de gesti\u00f3 per a l\u2019assist\u00e8ncia t\u00e8cnica en l\u2019\u00e0mbit urban\u00edstic. Concretament, l\u2019Ajuntament de la Bisbal del Pened\u00e8s comptar\u00e0 amb el suport d\u2019un\/a arquitecte\/a cinc dies a la setmana fins al 31 de desembre de 2024, per posar el departament al dia en diferents \u00e0rees. El cost d\u2019aquest servei \u00e9s de 46.163,33\u20ac per al 2024.<\/p>\n\n\n\n<hr class=\"wp-block-separator has-alpha-channel-opacity\"\/>\n\n\n\n<p><strong>CASTELLANO |<\/strong> El Pleno extraordinario del 17 de abril aprob\u00f3, por unanimidad, la ratificaci\u00f3n del encargo de gesti\u00f3n para la asistencia t\u00e9cnica en el \u00e1mbito de la ingenier\u00eda industrial al Consell Comarcal del Baix Pened\u00e8s. La adhesi\u00f3n al convenio permitir\u00e1 que el Ajuntament de la Bisbal del Pened\u00e8s pueda contar con el apoyo de un ingeniero\/a un d\u00eda por semana hasta el 31 de diciembre de 2024 para la realizaci\u00f3n del seguimiento de la gesti\u00f3n de la depuradora de Les Planes Baixes, la tramitaci\u00f3n de licencias ambientales y la actualizaci\u00f3n del Registro municipal de actividades. El coste de este servicio es de 9.366\u20ac para el a\u00f1o 2024.<\/p>\n\n\n\n<p>Por otro lado, el Pleno tambi\u00e9n aprob\u00f3 -por unanimidad- la ratificaci\u00f3n del encargo de gesti\u00f3n para la asistencia t\u00e9cnica en el \u00e1mbito urban\u00edstico. Concretamente, el Ajuntament de la Bisbal del Pened\u00e8s contar\u00e1 con el apoyo de un\/a arquitecto\/a cinco d\u00edas a la semana hasta el 31 de diciembre de 2024, para poner el departamento al d\u00eda en distintas \u00e1reas. El coste de este servicio es de 46.163,33\u20ac para el 2024.<\/p>\n","protected":false},"excerpt":{"rendered":"<p>El Ple extraordinari del 17 d\u2019abril va aprovar, per unanimitat, la ratificaci\u00f3 de l\u2019enc\u00e0rrec de gesti\u00f3 pera&nbsp; l\u2019assist\u00e8ncia t\u00e8cnica en l\u2019\u00e0mbit de l\u2019enginyeria industrial al Consell Comarcal del Baix Pened\u00e8s. &hellip; <a href=\"https:\/\/bisbalpenedes.com\/web\/2024\/05\/06\/lajuntament-comptara-amb-assistencia-en-lambit-de-lenginyeria-industrial-i-urbanistic-gracies-a-un-conveni-amb-el-consell-comarcal-del-baix-penedes\/\" class=\"more-link\">Read More<\/a><\/p>\n","protected":false},"author":4,"featured_media":29182,"comment_status":"closed","ping_status":"closed","sticky":false,"template":"","format":"standard","meta":[],"categories":[3137,8],"tags":[6612,911,402,5705,393],"_links":{"self":[{"href":"https:\/\/bisbalpenedes.com\/web\/wp-json\/wp\/v2\/posts\/30151"}],"collection":[{"href":"https:\/\/bisbalpenedes.com\/web\/wp-json\/wp\/v2\/posts"}],"about":[{"href":"https:\/\/bisbalpenedes.com\/web\/wp-json\/wp\/v2\/types\/post"}],"author":[{"embeddable":true,"href":"https:\/\/bisbalpenedes.com\/web\/wp-json\/wp\/v2\/users\/4"}],"replies":[{"embeddable":true,"href":"https:\/\/bisbalpenedes.com\/web\/wp-json\/wp\/v2\/comments?post=30151"}],"version-history":[{"count":2,"href":"https:\/\/bisbalpenedes.com\/web\/wp-json\/wp\/v2\/posts\/30151\/revisions"}],"predecessor-version":[{"id":30153,"href":"https:\/\/bisbalpenedes.com\/web\/wp-json\/wp\/v2\/posts\/30151\/revisions\/30153"}],"wp:featuredmedia":[{"embeddable":true,"href":"https:\/\/bisbalpenedes.com\/web\/wp-json\/wp\/v2\/media\/29182"}],"wp:attachment":[{"href":"https:\/\/bisbalpenedes.com\/web\/wp-json\/wp\/v2\/media?parent=30151"}],"wp:term":[{"taxonomy":"category","embeddable":true,"href":"https:\/\/bisbalpenedes.com\/web\/wp-json\/wp\/v2\/categories?post=30151"},{"taxonomy":"post_tag","embeddable":true,"href":"https:\/\/bisbalpenedes.com\/web\/wp-json\/wp\/v2\/tags?post=30151"}],"curies":[{"name":"wp","href":"https:\/\/api.w.org\/{rel}","templated":true}]}}