{"id":30149,"date":"2024-05-06T14:26:11","date_gmt":"2024-05-06T12:26:11","guid":{"rendered":"https:\/\/bisbalpenedes.com\/web\/?p=30149"},"modified":"2024-05-06T14:26:11","modified_gmt":"2024-05-06T12:26:11","slug":"el-darrer-ple-extraordinari-va-aprovar-les-assignacions-economiques-per-als-grups-politics-municipals-la-bisbal-decideix-i-tots-som-la-bisbal-urbanizaciones-unidas","status":"publish","type":"post","link":"https:\/\/bisbalpenedes.com\/web\/2024\/05\/06\/el-darrer-ple-extraordinari-va-aprovar-les-assignacions-economiques-per-als-grups-politics-municipals-la-bisbal-decideix-i-tots-som-la-bisbal-urbanizaciones-unidas\/","title":{"rendered":"<strong>El darrer Ple extraordinari va aprovar les assignacions econ\u00f2miques per als grups pol\u00edtics municipals La Bisbal Decideix i Tots som la Bisbal-Urbanizaciones Unidas<\/strong>"},"content":{"rendered":"\n<p>El Ple extraordinari del 17 d\u2019abril va aprovar inicialment, per unanimitat, la modificaci\u00f3 de cr\u00e8dit que inclo\u00efa la creaci\u00f3 de la partida d\u2019assignaci\u00f3 als grups pol\u00edtics municipals La Bisbal Decideix i Tots som la Bisbal-Urbanizaciones Unidas.<\/p>\n\n\n\n<p>Les assignacions, que havien estat sol\u00b7licitades per La Bisbal Decideix, ascendeixen a 150\u20ac trimestrals per grup i 75\u20ac trimestrals per regidor. Aquests imports tenen naturalesa de subvencions i, per tant, el seu pagament i justificaci\u00f3 ha de ser conforme a la Llei 38\/2003, de 17 de novembre, General de Subvencions.<\/p>\n\n\n\n<p>Els pagaments es faran a principis dels mesos de gener, abril, juliol i octubre i es publicar\u00e0 al Portal de Transpar\u00e8ncia el compte justificatiu de cada grup municipal i l\u2019informe anual de control de la intervenci\u00f3 municipal sobre la justificaci\u00f3 de les despeses dels grups municipals.<\/p>\n\n\n\n<p>Recordem que el Ple extraordinari del 27 de febrer ja va aprovar una modificaci\u00f3 de cr\u00e8dit en la modalitat de suplement de cr\u00e8dit i extraordinari per destinar diners a inversi\u00f3 i altres despeses. All\u00e0, ja es va preveure \u201cl\u2019assignaci\u00f3 als grups pol\u00edtics amb 2.400\u20ac\u201d. Els grups municipals de Comprom\u00eds, el PSC i ERC han renunciat a aquesta assignaci\u00f3, tal com ja van manifestar al Ple ordinari del mes de desembre.<\/p>\n\n\n\n<hr class=\"wp-block-separator has-alpha-channel-opacity\"\/>\n\n\n\n<p><strong>CASTELLANO | <\/strong>El Pleno extraordinario del 17 de abril aprob\u00f3 inicialmente, por unanimidad, la modificaci\u00f3n de cr\u00e9dito que inclu\u00eda la creaci\u00f3n de la partida de asignaci\u00f3n a los grupos pol\u00edticos municipales La Bisbal Decideix y Tots som la Bisbal-Urbanizaciones Unidas.<\/p>\n\n\n\n<p>Las asignaciones, que hab\u00edan sido solicitadas por La Bisbal Decideix, ascienden a 150\u20ac trimestrales por grupo y 75\u20ac&nbsp;trimestrales por regidor. Estos importes tienen naturaleza de subvenciones y, por tanto, su pago y justificaci\u00f3n debe ser con conformidad a la Ley 38\/2003, de 17 de noviembre, General de Subvenciones.<\/p>\n\n\n\n<p>Los pagos se har\u00e1n a principios de los meses de enero, abril, julio y octubre y se publicar\u00e1 en el Portal de Transparencia la cuenta justificativa de cada grupo municipal y el informe anual de control de la intervenci\u00f3n municipal sobre la justificaci\u00f3n de los gastos de los grupos municipales.<\/p>\n\n\n\n<p>Recordamos que el Pleno extraordinario del 27 de febrero ya aprob\u00f3 una modificaci\u00f3n de cr\u00e9dito en la modalidad de suplemento de cr\u00e9dito y extraordinario para destinar dinero a inversi\u00f3n y otros gastos, all\u00ed, ya se preve\u00eda \u201cla asignaci\u00f3n a los grupos municipales con 2.400\u20ac. Los grupos municipales de Comprom\u00eds, el PSC y ERC han renunciado a esta asignaci\u00f3n, tal como ya manifestaron en el Pleno ordinario del mes de diciembre.<\/p>\n","protected":false},"excerpt":{"rendered":"<p>El Ple extraordinari del 17 d\u2019abril va aprovar inicialment, per unanimitat, la modificaci\u00f3 de cr\u00e8dit que inclo\u00efa la creaci\u00f3 de la partida d\u2019assignaci\u00f3 als grups pol\u00edtics municipals La Bisbal Decideix &hellip; <a href=\"https:\/\/bisbalpenedes.com\/web\/2024\/05\/06\/el-darrer-ple-extraordinari-va-aprovar-les-assignacions-economiques-per-als-grups-politics-municipals-la-bisbal-decideix-i-tots-som-la-bisbal-urbanizaciones-unidas\/\" class=\"more-link\">Read More<\/a><\/p>\n","protected":false},"author":4,"featured_media":29937,"comment_status":"closed","ping_status":"closed","sticky":false,"template":"","format":"standard","meta":[],"categories":[8,2251,2250],"tags":[6609,6608,6610,393,139,423,6611],"_links":{"self":[{"href":"https:\/\/bisbalpenedes.com\/web\/wp-json\/wp\/v2\/posts\/30149"}],"collection":[{"href":"https:\/\/bisbalpenedes.com\/web\/wp-json\/wp\/v2\/posts"}],"about":[{"href":"https:\/\/bisbalpenedes.com\/web\/wp-json\/wp\/v2\/types\/post"}],"author":[{"embeddable":true,"href":"https:\/\/bisbalpenedes.com\/web\/wp-json\/wp\/v2\/users\/4"}],"replies":[{"embeddable":true,"href":"https:\/\/bisbalpenedes.com\/web\/wp-json\/wp\/v2\/comments?post=30149"}],"version-history":[{"count":1,"href":"https:\/\/bisbalpenedes.com\/web\/wp-json\/wp\/v2\/posts\/30149\/revisions"}],"predecessor-version":[{"id":30150,"href":"https:\/\/bisbalpenedes.com\/web\/wp-json\/wp\/v2\/posts\/30149\/revisions\/30150"}],"wp:featuredmedia":[{"embeddable":true,"href":"https:\/\/bisbalpenedes.com\/web\/wp-json\/wp\/v2\/media\/29937"}],"wp:attachment":[{"href":"https:\/\/bisbalpenedes.com\/web\/wp-json\/wp\/v2\/media?parent=30149"}],"wp:term":[{"taxonomy":"category","embeddable":true,"href":"https:\/\/bisbalpenedes.com\/web\/wp-json\/wp\/v2\/categories?post=30149"},{"taxonomy":"post_tag","embeddable":true,"href":"https:\/\/bisbalpenedes.com\/web\/wp-json\/wp\/v2\/tags?post=30149"}],"curies":[{"name":"wp","href":"https:\/\/api.w.org\/{rel}","templated":true}]}}